{"id":1017,"date":"2018-05-03T08:33:31","date_gmt":"2018-05-03T14:33:31","guid":{"rendered":"http:\/\/www.tiempodehacer.org\/?p=1017"},"modified":"2018-05-03T09:17:34","modified_gmt":"2018-05-03T15:17:34","slug":"buena-cara-para-un-abril-con-tiempo-lluvioso","status":"publish","type":"post","link":"https:\/\/www.tiempodehacer.org\/?p=1017","title":{"rendered":"Buena cara para un Abril con tiempo lluvioso&#8230;"},"content":{"rendered":"<table>\n<tbody>\n<tr style=\"height: 822px;\">\n<td style=\"height: 822px;\">A pesar de<span style=\"color: #ff6600;\"><strong> los s\u00e1bados<\/strong><\/span> grises y con lluvia <strong><span style=\"color: #ff6600;\">de abril<\/span>,<\/strong> en Conin Merlo seguimos atendiendo a los chicos y sus familias.<\/p>\n<p><img loading=\"lazy\" decoding=\"async\" class=\"alignleft wp-image-992 size-medium\" src=\"http:\/\/www.tiempodehacer.org\/wp-content\/uploads\/20180407_114327-300x169.jpg\" alt=\"\" width=\"300\" height=\"169\" \/><\/p>\n<p>Las <span style=\"color: #ff6600;\"><strong>madres<\/strong> <\/span>pudieron recibir los<span style=\"color: #ff6600;\"><strong> talleres de salud<\/strong><\/span>, dictados por <span style=\"color: #ff6600;\"><strong>Brenda y Carly<\/strong><\/span>. Sumado a estos, los ya <span style=\"color: #ff6600;\"><strong>famosos talleres de Cocina y de Higiene Bucal<\/strong>.<\/span><br \/>\nEste mes, con el <span style=\"color: #ff6600;\"><strong>Cheff Juan<\/strong><\/span> hicieron unas muy ricas pizzas. Y con los dentistas <span style=\"color: #ff6600;\"><strong>Lito y Julia<\/strong><\/span>, continuaron con las charlas sobre el mejor uso del cepillo dental y temas generales de higiene bucal.<\/p>\n<p><img loading=\"lazy\" decoding=\"async\" class=\"alignright wp-image-981 size-medium\" src=\"http:\/\/www.tiempodehacer.org\/wp-content\/uploads\/20180407_120250-300x169.jpg\" alt=\"\" width=\"300\" height=\"169\" \/><\/p>\n<p><span style=\"color: #ff6600;\"><strong>Todos<\/strong> <\/span>los s\u00e1bados, <span style=\"color: #ff6600;\"><strong>\u00d1ata<\/strong> <\/span>prepar\u00f3 el<span style=\"color: #ff6600;\"><strong> desayuno para los chicos<\/strong><\/span>, y a media ma\u00f1ana <span style=\"color: #ff6600;\"><strong>Deborah<\/strong> <\/span>entretuvo a los chicos <span style=\"color: #ff6600;\"><strong>con su guitarra<\/strong><\/span> y un repertorio muy extenso de canciones infantiles.<br \/>\nSubimos <span style=\"color: #ff6600;\"><strong>dos videos\u00a0<\/strong><\/span>donde se destaca un futuro cantante!! <span style=\"color: #0000ff;\"><a style=\"color: #0000ff;\" href=\"http:\/\/www.tiempodehacer.org\/?p=957\">(click aqu\u00ed!)<\/a><\/span><\/p>\n<p>Y acumulando las fotos del mes, <span style=\"color: #ff6600;\"><strong>pueden acceder<\/strong> <\/span><span style=\"color: #0000ff;\"><a style=\"color: #0000ff;\" href=\"http:\/\/www.tiempodehacer.org\/?p=962\">por aqu\u00ed<\/a><\/span> a <span style=\"color: #ff6600;\"><strong>una galer\u00eda<\/strong><\/span> llena de <span style=\"color: #ff6600;\"><strong>im\u00e1genes<\/strong> <\/span>de talleres, chicos bien atendidos, y muchas necesidades.<\/p>\n<p>Se han entregado un promedio de <span style=\"color: #ff6600;\"><strong>15 bolsones con alimentos por s\u00e1bado<\/strong>.<\/span> Cada bols\u00f3n se prepara con las indicaciones que el nutricionista decide para la condici\u00f3n de cada ni\u00f1o de la familia, para acompa\u00f1ar y reforzar la alimentaci\u00f3n de la semana.<\/td>\n<\/tr>\n<\/tbody>\n<\/table>\n<table style=\"width: 576px; border-color: #d15321; background-color: #ede6e6;\" border=\"1\" cellpadding=\"1\">\n<tbody>\n<tr>\n<td style=\"width: 29px;\"><\/td>\n<td style=\"width: 513px;\"><span style=\"color: #ff6600;\"><strong>Nos estamos preparando para ampliar la atenci\u00f3n a gran cantidad de chicos <\/strong><\/span>de la zona que necesitan del cuidado de Conin.<br \/>\n<span style=\"color: #ff6600;\"><strong>Un d\u00eda adicional<\/strong> <\/span>en la semana requiere de <span style=\"color: #ff6600;\"><strong>mucho esfuerzo, mayor trabajo, y cantidad de alimentos!!!<\/strong><\/span><br \/>\nNecesitamos que nos <span style=\"color: #ff6600;\"><strong>ayuden a correr la voz&#8230;<\/strong><\/span> que <span style=\"color: #ff6600;\"><strong>contagien su voluntad de donar, de participar y acompa\u00f1arnos.<\/strong><\/span> Por favor, <span style=\"color: #ff6600;\"><strong>reenv\u00eden este mensaje<\/strong><\/span> a sus contactos que podr\u00edan copiar nuestras voluntades, y <span style=\"color: #ff6600;\"><strong>p\u00f3nganlos en contacto con nosotros (info@tiempodehacer.org)<\/strong><\/span>, que les daremos la informaci\u00f3n que necesiten. <span style=\"color: #ff6600;\"><strong>Los esperamos!<\/strong><\/span><\/td>\n<td style=\"width: 29px;\"><\/td>\n<\/tr>\n<\/tbody>\n<\/table>\n","protected":false},"excerpt":{"rendered":"<p>A pesar de los s\u00e1bados grises y con lluvia de abril, en Conin Merlo seguimos atendiendo a los chicos y sus familias. Las madres pudieron recibir los talleres de salud, dictados por Brenda y Carly. Sumado a estos, los ya famosos talleres de Cocina y de Higiene Bucal. Este mes, con el Cheff Juan hicieron &hellip; <\/p>\n","protected":false},"author":1,"featured_media":0,"comment_status":"open","ping_status":"open","sticky":false,"template":"","format":"standard","meta":{"footnotes":""},"categories":[1],"tags":[],"class_list":["post-1017","post","type-post","status-publish","format-standard","hentry","category-sin-categoria"],"_links":{"self":[{"href":"https:\/\/www.tiempodehacer.org\/index.php?rest_route=\/wp\/v2\/posts\/1017","targetHints":{"allow":["GET"]}}],"collection":[{"href":"https:\/\/www.tiempodehacer.org\/index.php?rest_route=\/wp\/v2\/posts"}],"about":[{"href":"https:\/\/www.tiempodehacer.org\/index.php?rest_route=\/wp\/v2\/types\/post"}],"author":[{"embeddable":true,"href":"https:\/\/www.tiempodehacer.org\/index.php?rest_route=\/wp\/v2\/users\/1"}],"replies":[{"embeddable":true,"href":"https:\/\/www.tiempodehacer.org\/index.php?rest_route=%2Fwp%2Fv2%2Fcomments&post=1017"}],"version-history":[{"count":6,"href":"https:\/\/www.tiempodehacer.org\/index.php?rest_route=\/wp\/v2\/posts\/1017\/revisions"}],"predecessor-version":[{"id":1023,"href":"https:\/\/www.tiempodehacer.org\/index.php?rest_route=\/wp\/v2\/posts\/1017\/revisions\/1023"}],"wp:attachment":[{"href":"https:\/\/www.tiempodehacer.org\/index.php?rest_route=%2Fwp%2Fv2%2Fmedia&parent=1017"}],"wp:term":[{"taxonomy":"category","embeddable":true,"href":"https:\/\/www.tiempodehacer.org\/index.php?rest_route=%2Fwp%2Fv2%2Fcategories&post=1017"},{"taxonomy":"post_tag","embeddable":true,"href":"https:\/\/www.tiempodehacer.org\/index.php?rest_route=%2Fwp%2Fv2%2Ftags&post=1017"}],"curies":[{"name":"wp","href":"https:\/\/api.w.org\/{rel}","templated":true}]}}