{"id":1038,"date":"2018-06-03T08:44:27","date_gmt":"2018-06-03T14:44:27","guid":{"rendered":"http:\/\/www.tiempodehacer.org\/?p=1038"},"modified":"2018-06-03T09:06:33","modified_gmt":"2018-06-03T15:06:33","slug":"los-sabados-de-mayo","status":"publish","type":"post","link":"https:\/\/www.tiempodehacer.org\/?p=1038","title":{"rendered":"Los s\u00e1bados de MAYO!"},"content":{"rendered":"<p><strong>S\u00e1bado 26<\/strong><br \/>\nTuvimos un s\u00e1bado buen\u00edsimo. Vinieron 30 ni\u00f1os Conin y 10 hermanos mayores. Entregamos 19 bolsones de alimentos.<br \/>\nContamos con varios voluntarios: del Esqui\u00fa vinieron Catalina, Eugenia y Paz, y del Grupo de Misioneros de la Castrense vinieron: Mat\u00edas, Micaela, Tom\u00e1s, Manuel y Lucas.<br \/>\nEl taller de salud dictado por Naty (trabajadora social) fue sobre &#8220;La importancia del Estudio, se PUEDE&#8221; y para continuar con el tema, M\u00f3nica (coordinadora) dio una charla sobre el &#8220;Proyecto Sue\u00f1os&#8221; y su importancia, como avanzar en nuestros sue\u00f1os, trabajar en ellos y hacer que se cumplan.<br \/>\nLos ni\u00f1os hicieron masa de Tortas Fritas que las mam\u00e1s hornearon, que no alcanzaron a cocinarse y las congelamos para poder comerlas en el desayuno del pr\u00f3ximo s\u00e1bado.<\/p>\n<p><strong>S\u00e1bado 19<\/strong><br \/>\nHizo mucho fr\u00edo, pero fue un lindo d\u00eda de sol (por fin!!).<br \/>\nVinieron 20 ni\u00f1os Conin y 9 hermanos mayores. Entregamos 15 bolsones con alimentos.<br \/>\nBrenda dio el taller de salud en el que trat\u00f3 &#8220;Trastornos de la conducta alimentaria&#8221; y como todos los meses vino el Chef Juan Ramonet que hizo &#8220;Lentejas en todas sus formas&#8221;.<br \/>\nCerramos el d\u00eda almorzando las riqu\u00edsimas lentejas preparadas durante el taller.<\/p>\n<p><strong>S\u00e1bado 12<\/strong><br \/>\nFue el primer d\u00eda de sol en casi dos semanas. Un d\u00eda maravilloso durante el cual todos trabajamos y disfrutamos mucho!!!<br \/>\nFue un d\u00eda s\u00faper intenso ya que vinieron 32 ni\u00f1os Conin y 8 hermanos mayores. Total 40 ni\u00f1os!!! Entregamos 21 bolsones con los alimentos para cada familia.<br \/>\nDel Esqui\u00fa vinieron como voluntarios: Facundo (padre), su hija Sof\u00eda, Mateo, Nicol\u00e1s y Luz. Tambi\u00e9n vino, como lo hace habitualmente, D\u00e9borah con su guitarra, los ni\u00f1os felices!!!<br \/>\nBrenda trat\u00f3 en su taller el tema &#8220;Los estad\u00edos del juego y el uso de las pantallas&#8221;, y Karina Pichot (ginec\u00f3loga) atendi\u00f3 &#8220;Preguntas y respuestas&#8221;.<br \/>\nEntregamos pa\u00f1ales donados por el Esqui\u00fa que fueron muy muy agradecidos por las madres, y tambi\u00e9n repartimos mucha ropa recibida, tambi\u00e9n muy apreciada!!!<\/p>\n<p><strong>S\u00e1bado 5<\/strong><br \/>\nComo todos los s\u00e1bados, siguen llegando familias nuevas que quieren sumarse al programa Conin. Los ni\u00f1os son evaluados y luego de la revisi\u00f3n m\u00e9dica y social se determina si est\u00e1n con necesidades para incorporarlos al programa.<br \/>\nEste s\u00e1bado estuvieron con nosotros 21 ni\u00f1os Conin con 9 hermanos mayores. 20 madres en total y entregamos 18 bolsones con alimentos (dos de las madres se fueron muy temprano y no quisieron esperar a que les preparara los bolsones).<br \/>\nBrenda dio un taller sobre &#8220;Control de esf\u00ednteres&#8221; y luego M\u00f3nica se reuni\u00f3 con las madres y entre todas evaluaron lo aprendido hasta ahora.<\/p>\n","protected":false},"excerpt":{"rendered":"<p>S\u00e1bado 26 Tuvimos un s\u00e1bado buen\u00edsimo. Vinieron 30 ni\u00f1os Conin y 10 hermanos mayores. Entregamos 19 bolsones de alimentos. Contamos con varios voluntarios: del Esqui\u00fa vinieron Catalina, Eugenia y Paz, y del Grupo de Misioneros de la Castrense vinieron: Mat\u00edas, Micaela, Tom\u00e1s, Manuel y Lucas. El taller de salud dictado por Naty (trabajadora social) fue &hellip; <\/p>\n","protected":false},"author":1,"featured_media":0,"comment_status":"open","ping_status":"open","sticky":false,"template":"","format":"standard","meta":{"footnotes":""},"categories":[1],"tags":[],"class_list":["post-1038","post","type-post","status-publish","format-standard","hentry","category-sin-categoria"],"_links":{"self":[{"href":"https:\/\/www.tiempodehacer.org\/index.php?rest_route=\/wp\/v2\/posts\/1038","targetHints":{"allow":["GET"]}}],"collection":[{"href":"https:\/\/www.tiempodehacer.org\/index.php?rest_route=\/wp\/v2\/posts"}],"about":[{"href":"https:\/\/www.tiempodehacer.org\/index.php?rest_route=\/wp\/v2\/types\/post"}],"author":[{"embeddable":true,"href":"https:\/\/www.tiempodehacer.org\/index.php?rest_route=\/wp\/v2\/users\/1"}],"replies":[{"embeddable":true,"href":"https:\/\/www.tiempodehacer.org\/index.php?rest_route=%2Fwp%2Fv2%2Fcomments&post=1038"}],"version-history":[{"count":3,"href":"https:\/\/www.tiempodehacer.org\/index.php?rest_route=\/wp\/v2\/posts\/1038\/revisions"}],"predecessor-version":[{"id":1046,"href":"https:\/\/www.tiempodehacer.org\/index.php?rest_route=\/wp\/v2\/posts\/1038\/revisions\/1046"}],"wp:attachment":[{"href":"https:\/\/www.tiempodehacer.org\/index.php?rest_route=%2Fwp%2Fv2%2Fmedia&parent=1038"}],"wp:term":[{"taxonomy":"category","embeddable":true,"href":"https:\/\/www.tiempodehacer.org\/index.php?rest_route=%2Fwp%2Fv2%2Fcategories&post=1038"},{"taxonomy":"post_tag","embeddable":true,"href":"https:\/\/www.tiempodehacer.org\/index.php?rest_route=%2Fwp%2Fv2%2Ftags&post=1038"}],"curies":[{"name":"wp","href":"https:\/\/api.w.org\/{rel}","templated":true}]}}