{"id":1040,"date":"2018-06-03T08:45:16","date_gmt":"2018-06-03T14:45:16","guid":{"rendered":"http:\/\/www.tiempodehacer.org\/?p=1040"},"modified":"2018-06-03T09:41:50","modified_gmt":"2018-06-03T15:41:50","slug":"relevamiento-en-la-teja","status":"publish","type":"post","link":"https:\/\/www.tiempodehacer.org\/?p=1040","title":{"rendered":"Relevamiento en La Teja"},"content":{"rendered":"<p><img loading=\"lazy\" decoding=\"async\" class=\"aligncenter size-large wp-image-1066\" src=\"http:\/\/www.tiempodehacer.org\/wp-content\/uploads\/WhatsApp-Image-2018-05-04-at-11.47.06-768x1024.jpeg\" alt=\"\" width=\"525\" height=\"700\" srcset=\"https:\/\/www.tiempodehacer.org\/wp-content\/uploads\/WhatsApp-Image-2018-05-04-at-11.47.06-768x1024.jpeg 768w, https:\/\/www.tiempodehacer.org\/wp-content\/uploads\/WhatsApp-Image-2018-05-04-at-11.47.06-225x300.jpeg 225w, https:\/\/www.tiempodehacer.org\/wp-content\/uploads\/WhatsApp-Image-2018-05-04-at-11.47.06.jpeg 877w\" sizes=\"auto, (max-width: 525px) 100vw, 525px\" \/><\/p>\n<p>Este fue el volante que anunciaba el relevamiento que realizamos.<\/p>\n<p>Agradecemos a todos los que pusieron sus energ\u00edas y capacidades para realizar el relevamiento antropom\u00e9trico que hicimos en La Teja para la posibilidad de comenzar a trabajar los viernes con el Programa Conin en la zona.<\/p>\n<p>El resultado en grandes n\u00fameros fue:<br \/>\n19 familias con 35 ni\u00f1os de edad Conin evaluados y 7 familias con 10 ni\u00f1os edad Conin que llegaron tarde y no nos alcanz\u00f3 el tiempo de evaluarlos. Adem\u00e1s vimo a 3 mujeres embarazadas que tambi\u00e9n entrar\u00edan en el programa.<\/p>\n<p>La convocatoria fue un \u00e9xito y el equipo que realiz\u00f3 el estudio&#8230; Una Maravilla!!<\/p>\n<p>Mil GRACIAS a Jose, Carly, Brenda, Cecilia y Nazarena que ha realizado un gran trabajo!<\/p>\n<p>Ahora debemos seguir con la planificaci\u00f3n para comenzar el trabajo, buscar voluntarios, y donaciones para poder cubrir las necesidades&#8230; que son Muuuchhhassss!!<\/p>\n","protected":false},"excerpt":{"rendered":"<p>Este fue el volante que anunciaba el relevamiento que realizamos. Agradecemos a todos los que pusieron sus energ\u00edas y capacidades para realizar el relevamiento antropom\u00e9trico que hicimos en La Teja para la posibilidad de comenzar a trabajar los viernes con el Programa Conin en la zona. El resultado en grandes n\u00fameros fue: 19 familias con &hellip; <\/p>\n","protected":false},"author":1,"featured_media":0,"comment_status":"open","ping_status":"open","sticky":false,"template":"","format":"standard","meta":{"footnotes":""},"categories":[1],"tags":[],"class_list":["post-1040","post","type-post","status-publish","format-standard","hentry","category-sin-categoria"],"_links":{"self":[{"href":"https:\/\/www.tiempodehacer.org\/index.php?rest_route=\/wp\/v2\/posts\/1040","targetHints":{"allow":["GET"]}}],"collection":[{"href":"https:\/\/www.tiempodehacer.org\/index.php?rest_route=\/wp\/v2\/posts"}],"about":[{"href":"https:\/\/www.tiempodehacer.org\/index.php?rest_route=\/wp\/v2\/types\/post"}],"author":[{"embeddable":true,"href":"https:\/\/www.tiempodehacer.org\/index.php?rest_route=\/wp\/v2\/users\/1"}],"replies":[{"embeddable":true,"href":"https:\/\/www.tiempodehacer.org\/index.php?rest_route=%2Fwp%2Fv2%2Fcomments&post=1040"}],"version-history":[{"count":3,"href":"https:\/\/www.tiempodehacer.org\/index.php?rest_route=\/wp\/v2\/posts\/1040\/revisions"}],"predecessor-version":[{"id":1067,"href":"https:\/\/www.tiempodehacer.org\/index.php?rest_route=\/wp\/v2\/posts\/1040\/revisions\/1067"}],"wp:attachment":[{"href":"https:\/\/www.tiempodehacer.org\/index.php?rest_route=%2Fwp%2Fv2%2Fmedia&parent=1040"}],"wp:term":[{"taxonomy":"category","embeddable":true,"href":"https:\/\/www.tiempodehacer.org\/index.php?rest_route=%2Fwp%2Fv2%2Fcategories&post=1040"},{"taxonomy":"post_tag","embeddable":true,"href":"https:\/\/www.tiempodehacer.org\/index.php?rest_route=%2Fwp%2Fv2%2Ftags&post=1040"}],"curies":[{"name":"wp","href":"https:\/\/api.w.org\/{rel}","templated":true}]}}