{"id":1068,"date":"2018-06-03T09:56:53","date_gmt":"2018-06-03T15:56:53","guid":{"rendered":"http:\/\/www.tiempodehacer.org\/?p=1068"},"modified":"2018-06-05T06:27:25","modified_gmt":"2018-06-05T12:27:25","slug":"newsletter-de-mayo","status":"publish","type":"post","link":"https:\/\/www.tiempodehacer.org\/?p=1068","title":{"rendered":"Newsletter de Mayo"},"content":{"rendered":"<p><strong>Otro mes m\u00e1s donde Conin Merlo sigue creciendo en cantidad de familias atendidas.<\/strong><br \/>\nHemos tenido\u00a0<strong>nuevos egresos <\/strong>de\u00a0ni\u00f1os que ya pudieron alcanzar valores medidos con niveles aceptables, pero las necesidades son cada vez mayores y estamos <strong>con records de cantidad de chicos en el programa<\/strong> porque s\u00e1bado a s\u00e1bado hay <strong>nuevos ingresos<\/strong> por familias que llegan referidas por profesionales o por las familias que ya est\u00e1n en el programa.<br \/>\nEsto sigue haciendo <strong>cada vez m\u00e1s necesario la posibilidad de ampliar la atenci\u00f3n a otro d\u00eda en la semana<\/strong>, c\u00f3mo les contamos el mes pasado.<\/p>\n<p>En este sentido, el pasado <strong>18 de mayo<\/strong> se realiz\u00f3 un <strong>relevamiento antropom\u00e9trico en la zona de La Teja<\/strong>, cerca de Barrio Nuevo, donde podr\u00edamos comenzar a trabajar los viernes en un espacio cedido por los Hermanos Franciscanos de la zona.<br \/>\n<img loading=\"lazy\" decoding=\"async\" class=\"aligncenter size-large wp-image-1066\" src=\"http:\/\/www.tiempodehacer.org\/wp-content\/uploads\/WhatsApp-Image-2018-05-04-at-11.47.06-768x1024.jpeg\" alt=\"\" width=\"525\" height=\"700\" srcset=\"https:\/\/www.tiempodehacer.org\/wp-content\/uploads\/WhatsApp-Image-2018-05-04-at-11.47.06-768x1024.jpeg 768w, https:\/\/www.tiempodehacer.org\/wp-content\/uploads\/WhatsApp-Image-2018-05-04-at-11.47.06-225x300.jpeg 225w, https:\/\/www.tiempodehacer.org\/wp-content\/uploads\/WhatsApp-Image-2018-05-04-at-11.47.06.jpeg 877w\" sizes=\"auto, (max-width: 525px) 100vw, 525px\" \/><br \/>\nLean el detalle en la nota, haciendo click <a href=\"http:\/\/www.tiempodehacer.org\/?p=1040\">aqui<\/a>.<\/p>\n<p>Por otro lado estamos invitando a <strong>desayunos informativos<\/strong> para buscar m\u00e1s voluntarios y donantes para que nos ayuden a poder solventar esta posibilidad de extender la atenci\u00f3n a los viernes.<br \/>\n<a href=\"http:\/\/www.tiempodehacer.org\/?p=1042\"><img loading=\"lazy\" decoding=\"async\" class=\"aligncenter wp-image-1043 size-medium\" src=\"http:\/\/www.tiempodehacer.org\/wp-content\/uploads\/Invitaci\u00f3n-Desayuno-08-junio-300x300.jpeg\" alt=\"\" width=\"300\" height=\"300\" srcset=\"https:\/\/www.tiempodehacer.org\/wp-content\/uploads\/Invitaci\u00f3n-Desayuno-08-junio-300x300.jpeg 300w, https:\/\/www.tiempodehacer.org\/wp-content\/uploads\/Invitaci\u00f3n-Desayuno-08-junio-150x150.jpeg 150w, https:\/\/www.tiempodehacer.org\/wp-content\/uploads\/Invitaci\u00f3n-Desayuno-08-junio-768x768.jpeg 768w, https:\/\/www.tiempodehacer.org\/wp-content\/uploads\/Invitaci\u00f3n-Desayuno-08-junio-100x100.jpeg 100w, https:\/\/www.tiempodehacer.org\/wp-content\/uploads\/Invitaci\u00f3n-Desayuno-08-junio.jpeg 1024w\" sizes=\"auto, (max-width: 300px) 100vw, 300px\" \/><\/a><\/p>\n<p>Recuerden que si quieren <strong>hacer una donaci\u00f3n puntual<\/strong> para ayudarnos, pueden ver los datos de nuestra cuenta en la <strong>p\u00e1gina &#8220;<a href=\"http:\/\/www.tiempodehacer.org\/?page_id=9\">\u00bfC\u00f3mo ayudar?&#8221;<\/a><\/strong><\/p>\n<p><strong>Los s\u00e1bados de mayo fueron muy intensos<\/strong>, la gran cantidad de chicos y familias elev\u00f3 el n\u00famero de bolsones con alimentos que entregamos, llevando el promedio a 18 bolsones!!!<br \/>\nPasen por el blog y vean la nota con el detalle de lo realizado, pueden hacer <a href=\"http:\/\/www.tiempodehacer.org\/?p=1038\">click aqu\u00ed<\/a>.<\/p>\n<div id='gallery-1' class='gallery galleryid-1068 gallery-columns-2 gallery-size-medium'><figure class='gallery-item'>\n\t\t\t<div class='gallery-icon landscape'>\n\t\t\t\t<a href='https:\/\/www.tiempodehacer.org\/?attachment_id=1051'><img loading=\"lazy\" decoding=\"async\" width=\"300\" height=\"168\" src=\"https:\/\/www.tiempodehacer.org\/wp-content\/uploads\/WhatsApp-Image-2018-05-14-at-10.36.42-300x168.jpeg\" class=\"attachment-medium size-medium\" alt=\"\" srcset=\"https:\/\/www.tiempodehacer.org\/wp-content\/uploads\/WhatsApp-Image-2018-05-14-at-10.36.42-300x168.jpeg 300w, https:\/\/www.tiempodehacer.org\/wp-content\/uploads\/WhatsApp-Image-2018-05-14-at-10.36.42-768x431.jpeg 768w, https:\/\/www.tiempodehacer.org\/wp-content\/uploads\/WhatsApp-Image-2018-05-14-at-10.36.42-1024x575.jpeg 1024w, https:\/\/www.tiempodehacer.org\/wp-content\/uploads\/WhatsApp-Image-2018-05-14-at-10.36.42.jpeg 1040w\" sizes=\"auto, (max-width: 300px) 100vw, 300px\" \/><\/a>\n\t\t\t<\/div><\/figure><figure class='gallery-item'>\n\t\t\t<div class='gallery-icon landscape'>\n\t\t\t\t<a href='https:\/\/www.tiempodehacer.org\/?attachment_id=1063'><img loading=\"lazy\" decoding=\"async\" width=\"300\" height=\"168\" src=\"https:\/\/www.tiempodehacer.org\/wp-content\/uploads\/WhatsApp-Image-2018-05-28-at-16.38.35-300x168.jpeg\" class=\"attachment-medium size-medium\" alt=\"\" srcset=\"https:\/\/www.tiempodehacer.org\/wp-content\/uploads\/WhatsApp-Image-2018-05-28-at-16.38.35-300x168.jpeg 300w, https:\/\/www.tiempodehacer.org\/wp-content\/uploads\/WhatsApp-Image-2018-05-28-at-16.38.35-768x431.jpeg 768w, https:\/\/www.tiempodehacer.org\/wp-content\/uploads\/WhatsApp-Image-2018-05-28-at-16.38.35-1024x575.jpeg 1024w, https:\/\/www.tiempodehacer.org\/wp-content\/uploads\/WhatsApp-Image-2018-05-28-at-16.38.35.jpeg 1040w\" sizes=\"auto, (max-width: 300px) 100vw, 300px\" \/><\/a>\n\t\t\t<\/div><\/figure><figure class='gallery-item'>\n\t\t\t<div class='gallery-icon landscape'>\n\t\t\t\t<a href='https:\/\/www.tiempodehacer.org\/?attachment_id=1050'><img loading=\"lazy\" decoding=\"async\" width=\"300\" height=\"168\" src=\"https:\/\/www.tiempodehacer.org\/wp-content\/uploads\/WhatsApp-Image-2018-05-14-at-10.36.40-300x168.jpeg\" class=\"attachment-medium size-medium\" alt=\"\" srcset=\"https:\/\/www.tiempodehacer.org\/wp-content\/uploads\/WhatsApp-Image-2018-05-14-at-10.36.40-300x168.jpeg 300w, https:\/\/www.tiempodehacer.org\/wp-content\/uploads\/WhatsApp-Image-2018-05-14-at-10.36.40-768x431.jpeg 768w, https:\/\/www.tiempodehacer.org\/wp-content\/uploads\/WhatsApp-Image-2018-05-14-at-10.36.40-1024x575.jpeg 1024w, https:\/\/www.tiempodehacer.org\/wp-content\/uploads\/WhatsApp-Image-2018-05-14-at-10.36.40.jpeg 1040w\" sizes=\"auto, (max-width: 300px) 100vw, 300px\" \/><\/a>\n\t\t\t<\/div><\/figure><figure class='gallery-item'>\n\t\t\t<div class='gallery-icon landscape'>\n\t\t\t\t<a href='https:\/\/www.tiempodehacer.org\/?attachment_id=1057'><img loading=\"lazy\" decoding=\"async\" width=\"300\" height=\"180\" src=\"https:\/\/www.tiempodehacer.org\/wp-content\/uploads\/WhatsApp-Image-2018-05-24-at-11.18.41-300x180.jpeg\" class=\"attachment-medium size-medium\" alt=\"\" srcset=\"https:\/\/www.tiempodehacer.org\/wp-content\/uploads\/WhatsApp-Image-2018-05-24-at-11.18.41-300x180.jpeg 300w, https:\/\/www.tiempodehacer.org\/wp-content\/uploads\/WhatsApp-Image-2018-05-24-at-11.18.41-768x461.jpeg 768w, https:\/\/www.tiempodehacer.org\/wp-content\/uploads\/WhatsApp-Image-2018-05-24-at-11.18.41-1024x614.jpeg 1024w, https:\/\/www.tiempodehacer.org\/wp-content\/uploads\/WhatsApp-Image-2018-05-24-at-11.18.41.jpeg 1280w\" sizes=\"auto, (max-width: 300px) 100vw, 300px\" \/><\/a>\n\t\t\t<\/div><\/figure>\n\t\t<\/div>\n\n<p>Las de arriba son algunas de las fotos que pueden ver en la nota de Fotos de Mayo haciendo <a href=\"http:\/\/www.tiempodehacer.org\/?p=1047\">click aqu\u00ed<\/a>.<\/p>\n<p><strong>Terminamos el newsletter recordando a nuestros donantes que ya pueden hacer su transferencia por el mes de junio.<br \/>\n<\/strong><br \/>\nSe viene un junio con mucha actividad, y muchas necesidades que atender.<br \/>\nSeguimos pensando que nos van a acompa\u00f1ar en este camino, y volvemos a pedirles que nos ayuden a buscar m\u00e1s voluntarios, y muchos donantes!!!<\/p>\n","protected":false},"excerpt":{"rendered":"<p>Otro mes m\u00e1s donde Conin Merlo sigue creciendo en cantidad de familias atendidas. Hemos tenido\u00a0nuevos egresos de\u00a0ni\u00f1os que ya pudieron alcanzar valores medidos con niveles aceptables, pero las necesidades son cada vez mayores y estamos con records de cantidad de chicos en el programa porque s\u00e1bado a s\u00e1bado hay nuevos ingresos por familias que llegan &hellip; <\/p>\n","protected":false},"author":1,"featured_media":0,"comment_status":"open","ping_status":"open","sticky":false,"template":"","format":"standard","meta":{"footnotes":""},"categories":[1],"tags":[],"class_list":["post-1068","post","type-post","status-publish","format-standard","hentry","category-sin-categoria"],"_links":{"self":[{"href":"https:\/\/www.tiempodehacer.org\/index.php?rest_route=\/wp\/v2\/posts\/1068","targetHints":{"allow":["GET"]}}],"collection":[{"href":"https:\/\/www.tiempodehacer.org\/index.php?rest_route=\/wp\/v2\/posts"}],"about":[{"href":"https:\/\/www.tiempodehacer.org\/index.php?rest_route=\/wp\/v2\/types\/post"}],"author":[{"embeddable":true,"href":"https:\/\/www.tiempodehacer.org\/index.php?rest_route=\/wp\/v2\/users\/1"}],"replies":[{"embeddable":true,"href":"https:\/\/www.tiempodehacer.org\/index.php?rest_route=%2Fwp%2Fv2%2Fcomments&post=1068"}],"version-history":[{"count":4,"href":"https:\/\/www.tiempodehacer.org\/index.php?rest_route=\/wp\/v2\/posts\/1068\/revisions"}],"predecessor-version":[{"id":1072,"href":"https:\/\/www.tiempodehacer.org\/index.php?rest_route=\/wp\/v2\/posts\/1068\/revisions\/1072"}],"wp:attachment":[{"href":"https:\/\/www.tiempodehacer.org\/index.php?rest_route=%2Fwp%2Fv2%2Fmedia&parent=1068"}],"wp:term":[{"taxonomy":"category","embeddable":true,"href":"https:\/\/www.tiempodehacer.org\/index.php?rest_route=%2Fwp%2Fv2%2Fcategories&post=1068"},{"taxonomy":"post_tag","embeddable":true,"href":"https:\/\/www.tiempodehacer.org\/index.php?rest_route=%2Fwp%2Fv2%2Ftags&post=1068"}],"curies":[{"name":"wp","href":"https:\/\/api.w.org\/{rel}","templated":true}]}}