{"id":1112,"date":"2018-07-09T23:06:32","date_gmt":"2018-07-10T05:06:32","guid":{"rendered":"http:\/\/www.tiempodehacer.org\/?p=1112"},"modified":"2018-07-10T14:55:13","modified_gmt":"2018-07-10T20:55:13","slug":"noticias-de-junio","status":"publish","type":"post","link":"https:\/\/www.tiempodehacer.org\/?p=1112","title":{"rendered":"Noticias de Junio"},"content":{"rendered":"<p><strong>Pasaron muchas cosas en junio<\/strong>, tenemos la suerte que <strong>Dios nos acompa\u00f1a<\/strong> y aparecen donaciones, voluntarios y voluntades para que <strong>podamos hacer un poco de todo lo que se necesita<\/strong>.<\/p>\n<ul>\n<li>Hemos <strong>ganado un premio de $25.000<\/strong>.- que el <strong>Banco Patagonia<\/strong> entreg\u00f3 al mejor proyecto solidario presentado. Eternamente agradecidos!<\/li>\n<li><strong>Caba\u00f1a Barhy<\/strong>, comenz\u00f3 a <strong>donarnos maples de huevos <\/strong>que cubren las cantidades necesarias para entregar s\u00e1bado a s\u00e1bado a las familias en el programa.<\/li>\n<li><strong>Enratio Consultora<\/strong>, nos <strong>don\u00f3 dos notebooks<\/strong> para que podamos agilizar el trabajo de los profesionales en el Centro.<\/li>\n<li>Los integrantes de <strong>un equipo de trabajo<\/strong> de uno de los miembros de la Comisi\u00f3n Directiva <strong>hicieron una colecta de alimentos y juntaron leches en polvo, harina y fideos<\/strong>.<br \/>\n<img loading=\"lazy\" decoding=\"async\" class=\"aligncenter size-large wp-image-1119\" src=\"http:\/\/www.tiempodehacer.org\/wp-content\/uploads\/20180622_223647-1024x576.jpg\" alt=\"\" width=\"525\" height=\"295\" srcset=\"https:\/\/www.tiempodehacer.org\/wp-content\/uploads\/20180622_223647.jpg 1024w, https:\/\/www.tiempodehacer.org\/wp-content\/uploads\/20180622_223647-300x169.jpg 300w, https:\/\/www.tiempodehacer.org\/wp-content\/uploads\/20180622_223647-768x432.jpg 768w\" sizes=\"auto, (max-width: 525px) 100vw, 525px\" \/><\/li>\n<li>El <strong>Papi Futbol Esclavas (PFE) don\u00f3 la recaudaci\u00f3n completa de la parrilla<\/strong> de la fecha ocho! <strong>Superando los $7.000.-<\/strong> gracias a la colaboraci\u00f3n de todos los players del campeonato. <a href=\"http:\/\/papifutbolesclavas.com.ar\/se-jugo-la-oooooocho\/\">Vean la nota alusiva en el blog del PFE.<\/a><br \/>\n<img loading=\"lazy\" decoding=\"async\" class=\"aligncenter size-large wp-image-1120\" src=\"http:\/\/www.tiempodehacer.org\/wp-content\/uploads\/20180614_214602-1024x576.jpg\" alt=\"\" width=\"525\" height=\"295\" srcset=\"https:\/\/www.tiempodehacer.org\/wp-content\/uploads\/20180614_214602.jpg 1024w, https:\/\/www.tiempodehacer.org\/wp-content\/uploads\/20180614_214602-300x169.jpg 300w, https:\/\/www.tiempodehacer.org\/wp-content\/uploads\/20180614_214602-768x432.jpg 768w\" sizes=\"auto, (max-width: 525px) 100vw, 525px\" \/><\/li>\n<li>Los colegios <strong>Esclavas del Sagrado Coraz\u00f3n de Jes\u00fas de Belgrano e Ituzaing\u00f3<\/strong> hizo una <strong>colecta de Leches en polvo<\/strong> con motivo de sus <strong>Fiestas Patronales<\/strong>, y un s\u00e1bado de junio <strong>estuvieron<\/strong> en el Centro <strong>pintando murales<\/strong> en las paredes en una <strong>Jornada Solidaria junto con miembros de la Comunidad de Barrio Nuevo<\/strong>. Fue un d\u00eda FANTASTICO!! <a href=\"http:\/\/www.tiempodehacer.org\/?p=1109\">Vean algunas fotos aqu\u00ed.<\/a><br \/>\n<img loading=\"lazy\" decoding=\"async\" class=\"aligncenter size-large wp-image-1121\" src=\"http:\/\/www.tiempodehacer.org\/wp-content\/uploads\/IMG-20180623-WA0040-1024x576.jpg\" alt=\"\" width=\"525\" height=\"295\" srcset=\"https:\/\/www.tiempodehacer.org\/wp-content\/uploads\/IMG-20180623-WA0040.jpg 1024w, https:\/\/www.tiempodehacer.org\/wp-content\/uploads\/IMG-20180623-WA0040-300x169.jpg 300w, https:\/\/www.tiempodehacer.org\/wp-content\/uploads\/IMG-20180623-WA0040-768x432.jpg 768w\" sizes=\"auto, (max-width: 525px) 100vw, 525px\" \/><\/li>\n<\/ul>\n<p>Adem\u00e1s, con <strong>inmenso agradecimiento<\/strong>, seguimos recibiendo las <strong>donaciones mensuales de nuestros aportantes<\/strong>.<\/p>\n<p>En cuanto a las cuestiones de <strong>atenci\u00f3n<\/strong>, la verdad es que la <strong>situaci\u00f3n apremia<\/strong>.<br \/>\nSeguimos con <strong>record de ni\u00f1os atendidos<\/strong>, llegando en algunos s\u00e1bados a tener <strong>m\u00e1s de 40 chicos en el Centro<\/strong>, a un promedio de 30 ni\u00f1os en el programa y el resto en hermanos mayores acompa\u00f1antes.<br \/>\n<strong>3 de los ni\u00f1os en programa<\/strong>, est\u00e1n en situaci\u00f3n de <strong>desnutrici\u00f3n grave<\/strong>. Seguimos de cerca los casos, acompa\u00f1ando a las familias, con interconsultas de los profesionales con los hospitales de la zona y con la Fundaci\u00f3n CONIN.<br \/>\n<a href=\"http:\/\/www.tiempodehacer.org\/?p=1108\">M\u00e1s info de junio con un click aqu\u00ed.<\/a><img loading=\"lazy\" decoding=\"async\" class=\"aligncenter size-large wp-image-1122\" src=\"http:\/\/www.tiempodehacer.org\/wp-content\/uploads\/IMG-20180609-WA0045-1024x768.jpg\" alt=\"\" width=\"525\" height=\"394\" srcset=\"https:\/\/www.tiempodehacer.org\/wp-content\/uploads\/IMG-20180609-WA0045.jpg 1024w, https:\/\/www.tiempodehacer.org\/wp-content\/uploads\/IMG-20180609-WA0045-300x225.jpg 300w, https:\/\/www.tiempodehacer.org\/wp-content\/uploads\/IMG-20180609-WA0045-768x576.jpg 768w\" sizes=\"auto, (max-width: 525px) 100vw, 525px\" \/><\/p>\n<p>Hay 10 familias, con <strong>10 ni\u00f1os para el programa<\/strong> y 4 hermanos mayores, que <strong>esperan que podamos sumarlos<\/strong>.<br \/>\nPara esto, <strong>seguimos analizando<\/strong> las posibilidades de comenzar la <strong>atenci\u00f3n en un segundo d\u00eda<\/strong> a la semana. La cuesti\u00f3n <strong>econ\u00f3mica hoy no nos lo est\u00e1 permitiendo<\/strong>, dado que la inflaci\u00f3n nos est\u00e1 distrayendo bastante parte de los fondos que ten\u00edamos destinados a seguir creciendo.<\/p>\n<p>Mientras tanto, en julio <strong>mudaremos<\/strong> nuestro Centro CONIN Merlo <strong>una cuadra<\/strong>. Llevaremos la gesti\u00f3n a las instalaciones del <strong>Apoyo Escolar de las Hermanas de Esclavas<\/strong>, y dejaremos el espacio que nos hab\u00edan cedido en la <strong>capilla Mater Dei<\/strong>.<br \/>\nEste nuevo lugar es mucho m\u00e1s amplio, m\u00e1s cuidado y con m\u00e1s seguridad. Con las noticias de julio les contaremos m\u00e1s sobre el lugar y podr\u00e1n ver algunas fotos.<\/p>\n<p>Por \u00faltimo, invitarlos <strong>a sumarse como donantes con aportes econ\u00f3micos a trav\u00e9s de nuestra p\u00e1gina<\/strong>, utilizando los botones para donaciones de \u00fanica vez o recurrentes.<a href=\"http:\/\/www.tiempodehacer.org\/?page_id=9\"> En el apartado <strong>&#8220;C\u00f3mo Ayudar?&#8221;<\/strong> podr\u00e1n encontrar las indicaciones para hacerlo (click aqu\u00ed)<\/a><br \/>\nQuienes ven\u00edan ayud\u00e1ndonos v\u00eda transferencias, ahora podr\u00e1n suscribirse al d\u00e9bito autom\u00e1tico por los botones de la p\u00e1gina.<br \/>\n<img loading=\"lazy\" decoding=\"async\" class=\"aligncenter size-full wp-image-1123\" src=\"http:\/\/www.tiempodehacer.org\/wp-content\/uploads\/Dona-por-aca.png\" alt=\"\" width=\"556\" height=\"343\" srcset=\"https:\/\/www.tiempodehacer.org\/wp-content\/uploads\/Dona-por-aca.png 556w, https:\/\/www.tiempodehacer.org\/wp-content\/uploads\/Dona-por-aca-300x185.png 300w\" sizes=\"auto, (max-width: 556px) 100vw, 556px\" \/><\/p>\n<p><strong>Se viene un julio con mucha actividad<\/strong>, y muchas necesidades que atender!. Seguimos pensando que <strong>tienen que acompa\u00f1arnos en este camino<\/strong>, y volvemos a pedirles que nos <strong>ayuden a buscar m\u00e1s voluntarios, y muchos donantes!!!<\/strong><\/p>\n<p>&nbsp;<\/p>\n","protected":false},"excerpt":{"rendered":"<p>Pasaron muchas cosas en junio, tenemos la suerte que Dios nos acompa\u00f1a y aparecen donaciones, voluntarios y voluntades para que podamos hacer un poco de todo lo que se necesita. Hemos ganado un premio de $25.000.- que el Banco Patagonia entreg\u00f3 al mejor proyecto solidario presentado. Eternamente agradecidos! Caba\u00f1a Barhy, comenz\u00f3 a donarnos maples de &hellip; <\/p>\n","protected":false},"author":1,"featured_media":0,"comment_status":"open","ping_status":"open","sticky":false,"template":"","format":"standard","meta":{"footnotes":""},"categories":[1],"tags":[],"class_list":["post-1112","post","type-post","status-publish","format-standard","hentry","category-sin-categoria"],"_links":{"self":[{"href":"https:\/\/www.tiempodehacer.org\/index.php?rest_route=\/wp\/v2\/posts\/1112","targetHints":{"allow":["GET"]}}],"collection":[{"href":"https:\/\/www.tiempodehacer.org\/index.php?rest_route=\/wp\/v2\/posts"}],"about":[{"href":"https:\/\/www.tiempodehacer.org\/index.php?rest_route=\/wp\/v2\/types\/post"}],"author":[{"embeddable":true,"href":"https:\/\/www.tiempodehacer.org\/index.php?rest_route=\/wp\/v2\/users\/1"}],"replies":[{"embeddable":true,"href":"https:\/\/www.tiempodehacer.org\/index.php?rest_route=%2Fwp%2Fv2%2Fcomments&post=1112"}],"version-history":[{"count":6,"href":"https:\/\/www.tiempodehacer.org\/index.php?rest_route=\/wp\/v2\/posts\/1112\/revisions"}],"predecessor-version":[{"id":1172,"href":"https:\/\/www.tiempodehacer.org\/index.php?rest_route=\/wp\/v2\/posts\/1112\/revisions\/1172"}],"wp:attachment":[{"href":"https:\/\/www.tiempodehacer.org\/index.php?rest_route=%2Fwp%2Fv2%2Fmedia&parent=1112"}],"wp:term":[{"taxonomy":"category","embeddable":true,"href":"https:\/\/www.tiempodehacer.org\/index.php?rest_route=%2Fwp%2Fv2%2Fcategories&post=1112"},{"taxonomy":"post_tag","embeddable":true,"href":"https:\/\/www.tiempodehacer.org\/index.php?rest_route=%2Fwp%2Fv2%2Ftags&post=1112"}],"curies":[{"name":"wp","href":"https:\/\/api.w.org\/{rel}","templated":true}]}}