{"id":1190,"date":"2018-07-27T03:20:30","date_gmt":"2018-07-27T09:20:30","guid":{"rendered":"http:\/\/www.tiempodehacer.org\/?p=1190"},"modified":"2018-08-01T11:21:41","modified_gmt":"2018-08-01T17:21:41","slug":"comunicado-de-fundacion-conin","status":"publish","type":"post","link":"https:\/\/www.tiempodehacer.org\/?p=1190","title":{"rendered":"Comunicado de Fundaci\u00f3n CONIN"},"content":{"rendered":"<p>Mendoza, 26 de julio de 2018<\/p>\n<p>DECLARACI\u00d3N DE LA FUNDACI\u00d3N CONIN<\/p>\n<p>En el contexto de su exposici\u00f3n en el Senado de la Naci\u00f3n el d\u00eda 25 de julio, con motivo del actual debate del proyecto de Ley de Interrupci\u00f3n Voluntaria del Embarazo, el Dr. Abel Albino efectu\u00f3 algunas afirmaciones que generaron debate y opiniones encontradas entre\u00a0miembros de la comunidad cient\u00edfica, profesionales, periodistas y miembros de la\u00a0comunidad general, especialmente aquellas referidas a la eficacia del preservativo como\u00a0medio de prevenci\u00f3n del HIV. Ante esta situaci\u00f3n, la Fundaci\u00f3n CONIN considera necesario\u00a0efectuar algunas aclaraciones:<\/p>\n<p>1. Ante todo, que las mencionadas afirmaciones fueron efectuadas por el Dr. Abel Albino a t\u00edtulo personal no en representaci\u00f3n de la Fundaci\u00f3n CONIN y por lo tanto no suponen una toma de posici\u00f3n, ni que la compartamos como Fundaci\u00f3n en\u00a0cuanto tal.<br \/>\n2. La finalidad \u00fanica y excluyente de CONIN es la lucha contra la desnutrici\u00f3n infantil en\u00a0la Argentina y en el mundo, a trav\u00e9s del estudio, la docencia, la difusi\u00f3n, la\u00a0prevenci\u00f3n concreta y el tratamiento de la malnutrici\u00f3n y desnutrici\u00f3n infantil en\u00a0todos sus aspectos y dimensiones; desde el embarazo, promoviendo la lactancia\u00a0materna y la participaci\u00f3n de la familia y la madre en el proceso de recuperaci\u00f3n,\u00a0hasta los primeros 5 a\u00f1os de edad. Por lo tanto, otras cuestiones, como la ya\u00a0mencionada de la efectividad del preservativo, son completamente ajenas a sus fines\u00a0y funciones y no son el objeto de declaraciones, estudios o actividades por parte de la Fundaci\u00f3n.<br \/>\n3. Todos los fondos, tanto los de car\u00e1cter privado como p\u00fablico, que la Fundaci\u00f3n y las instituciones aut\u00f3nomas franquiciadas por CONIN reciben para financiar sus\u00a0actividades, son aplicadas, lo han sido siempre, exclusivamente y sin excepci\u00f3n alguna al financiamiento de sus actividades de lucha contra la desnutrici\u00f3n infantil a\u00a0trav\u00e9s de labores concretas de formaci\u00f3n, estudios de campo, prevenci\u00f3n, asistencia,\u00a0tratamiento y coordinaci\u00f3n. Todo esto ha sido supervisado siempre por los correspondientes organismos p\u00fablicos y por entidades privadas, sin que nunca su\u00a0extensa y reconocida actuaci\u00f3n haya sido objeto de observaciones o cuestionamientos.<br \/>\n4. Por lo antes expuesto, los miembros del Consejo de Administraci\u00f3n y directivos de la\u00a0Fundaci\u00f3n CONIN rechazan cualquier tipo de cuestionamientos que puedan\u00a0hac\u00e9rsele por asuntos, opiniones o manifestaciones que no ha efectuado la misma, y\u00a0que no se refieran a sus actividades espec\u00edficas en el \u00e1rea de la lucha contra la\u00a0desnutrici\u00f3n infantil.<\/p>\n<p>CONSEJO DE ADMINISTRACI\u00d3N Y DIRECTIVOS DE FUNDACI\u00d3N CONIN.<\/p>\n<p><a href=\"http:\/\/www.tiempodehacer.org\/wp-content\/uploads\/Comunicado-Oficial-de-la-Fundaci\u00f3n-CONIN.pdf\">Comunicado Oficial de la Fundaci\u00f3n CONIN<\/a><\/p>\n","protected":false},"excerpt":{"rendered":"<p>Mendoza, 26 de julio de 2018 DECLARACI\u00d3N DE LA FUNDACI\u00d3N CONIN En el contexto de su exposici\u00f3n en el Senado de la Naci\u00f3n el d\u00eda 25 de julio, con motivo del actual debate del proyecto de Ley de Interrupci\u00f3n Voluntaria del Embarazo, el Dr. Abel Albino efectu\u00f3 algunas afirmaciones que generaron debate y opiniones encontradas &hellip; <\/p>\n","protected":false},"author":1,"featured_media":0,"comment_status":"open","ping_status":"open","sticky":false,"template":"","format":"standard","meta":{"footnotes":""},"categories":[1],"tags":[],"class_list":["post-1190","post","type-post","status-publish","format-standard","hentry","category-sin-categoria"],"_links":{"self":[{"href":"https:\/\/www.tiempodehacer.org\/index.php?rest_route=\/wp\/v2\/posts\/1190","targetHints":{"allow":["GET"]}}],"collection":[{"href":"https:\/\/www.tiempodehacer.org\/index.php?rest_route=\/wp\/v2\/posts"}],"about":[{"href":"https:\/\/www.tiempodehacer.org\/index.php?rest_route=\/wp\/v2\/types\/post"}],"author":[{"embeddable":true,"href":"https:\/\/www.tiempodehacer.org\/index.php?rest_route=\/wp\/v2\/users\/1"}],"replies":[{"embeddable":true,"href":"https:\/\/www.tiempodehacer.org\/index.php?rest_route=%2Fwp%2Fv2%2Fcomments&post=1190"}],"version-history":[{"count":4,"href":"https:\/\/www.tiempodehacer.org\/index.php?rest_route=\/wp\/v2\/posts\/1190\/revisions"}],"predecessor-version":[{"id":1197,"href":"https:\/\/www.tiempodehacer.org\/index.php?rest_route=\/wp\/v2\/posts\/1190\/revisions\/1197"}],"wp:attachment":[{"href":"https:\/\/www.tiempodehacer.org\/index.php?rest_route=%2Fwp%2Fv2%2Fmedia&parent=1190"}],"wp:term":[{"taxonomy":"category","embeddable":true,"href":"https:\/\/www.tiempodehacer.org\/index.php?rest_route=%2Fwp%2Fv2%2Fcategories&post=1190"},{"taxonomy":"post_tag","embeddable":true,"href":"https:\/\/www.tiempodehacer.org\/index.php?rest_route=%2Fwp%2Fv2%2Ftags&post=1190"}],"curies":[{"name":"wp","href":"https:\/\/api.w.org\/{rel}","templated":true}]}}