{"id":1193,"date":"2018-08-01T11:15:37","date_gmt":"2018-08-01T17:15:37","guid":{"rendered":"http:\/\/www.tiempodehacer.org\/?p=1193"},"modified":"2018-08-01T11:15:37","modified_gmt":"2018-08-01T17:15:37","slug":"carta-del-dr-abel-albino","status":"publish","type":"post","link":"https:\/\/www.tiempodehacer.org\/?p=1193","title":{"rendered":"Carta del Dr. Abel Albino"},"content":{"rendered":"<p>Queridos amigos,<\/p>\n<p>Me enorgullece y m\u00e1s a\u00fan en los tiempos complejos, el compromiso, la convicci\u00f3n y el esfuerzo que nos une.<\/p>\n<p>Desde CONIN compartimos una misi\u00f3n: quebrar la desnutrici\u00f3n infantil en la Argentina, el resto de Am\u00e9rica Latina y en el mundo. Nos acercamos cada d\u00eda m\u00e1s. Porque este sue\u00f1o que perseguimos es lo que nos mantiene con el foco claro, el coraz\u00f3n humilde, las manos limpias y solidarias.<\/p>\n<p>CONIN es simplemente el nombre de un compromiso que nos supera como individuos y nos define como esta red de la que todos nosotros somos parte.<\/p>\n<p>Respeto y valoro que las personas, desde nuestro rol individual tengamos opiniones personales sobre todos los temas, incluso los m\u00e1s delicados. Celebro la convicci\u00f3n, con tolerancia. Entiendo que en democracia todas las opiniones deben ser escuchadas.<\/p>\n<p>En una Argentina en la que pensar diferente es motivo de enfrentamiento, quiero convocarlos a celebrar lo mucho que nos une a todos los argentinos, que es el derecho de los ni\u00f1os a nutrirse de dignidad. CONIN siempre ha sido y ser\u00e1 un punto de encuentro.<\/p>\n<p>En los \u00faltimos d\u00edas volqu\u00e9 mis opiniones personales, sobre un tema puntual, en la esfera p\u00fablica. Y lamento el impacto que esas palabras pudieran tener en vuestro proyecto. Sin embargo, soy un eterno convencido que una acci\u00f3n vale m\u00e1s que mil palabras y espero de coraz\u00f3n, que tanto ustedes como los millones de argentinos a los que les lleg\u00f3 mi voz, sigamos trabajando y priorizando la causa que nos une, por sobre las opiniones que en algunos casos podr\u00edan separarnos.<\/p>\n<p>Un afectuoso abrazo,<\/p>\n<p><img id=\"m_-8313528148621125972m_-9086891894703625428942918_rs|3\" width=\"123\" height=\"80\" \/><\/p>\n<p>Doctor Abel Albino<\/p>\n<p>Presidente y Fundador de Fundaci\u00f3n CONIN Argentina<\/p>\n","protected":false},"excerpt":{"rendered":"<p>Queridos amigos, Me enorgullece y m\u00e1s a\u00fan en los tiempos complejos, el compromiso, la convicci\u00f3n y el esfuerzo que nos une. Desde CONIN compartimos una misi\u00f3n: quebrar la desnutrici\u00f3n infantil en la Argentina, el resto de Am\u00e9rica Latina y en el mundo. Nos acercamos cada d\u00eda m\u00e1s. Porque este sue\u00f1o que perseguimos es lo que &hellip; <\/p>\n","protected":false},"author":1,"featured_media":0,"comment_status":"open","ping_status":"open","sticky":false,"template":"","format":"standard","meta":{"footnotes":""},"categories":[1],"tags":[],"class_list":["post-1193","post","type-post","status-publish","format-standard","hentry","category-sin-categoria"],"_links":{"self":[{"href":"https:\/\/www.tiempodehacer.org\/index.php?rest_route=\/wp\/v2\/posts\/1193","targetHints":{"allow":["GET"]}}],"collection":[{"href":"https:\/\/www.tiempodehacer.org\/index.php?rest_route=\/wp\/v2\/posts"}],"about":[{"href":"https:\/\/www.tiempodehacer.org\/index.php?rest_route=\/wp\/v2\/types\/post"}],"author":[{"embeddable":true,"href":"https:\/\/www.tiempodehacer.org\/index.php?rest_route=\/wp\/v2\/users\/1"}],"replies":[{"embeddable":true,"href":"https:\/\/www.tiempodehacer.org\/index.php?rest_route=%2Fwp%2Fv2%2Fcomments&post=1193"}],"version-history":[{"count":1,"href":"https:\/\/www.tiempodehacer.org\/index.php?rest_route=\/wp\/v2\/posts\/1193\/revisions"}],"predecessor-version":[{"id":1194,"href":"https:\/\/www.tiempodehacer.org\/index.php?rest_route=\/wp\/v2\/posts\/1193\/revisions\/1194"}],"wp:attachment":[{"href":"https:\/\/www.tiempodehacer.org\/index.php?rest_route=%2Fwp%2Fv2%2Fmedia&parent=1193"}],"wp:term":[{"taxonomy":"category","embeddable":true,"href":"https:\/\/www.tiempodehacer.org\/index.php?rest_route=%2Fwp%2Fv2%2Fcategories&post=1193"},{"taxonomy":"post_tag","embeddable":true,"href":"https:\/\/www.tiempodehacer.org\/index.php?rest_route=%2Fwp%2Fv2%2Ftags&post=1193"}],"curies":[{"name":"wp","href":"https:\/\/api.w.org\/{rel}","templated":true}]}}