{"id":1198,"date":"2018-08-14T08:38:34","date_gmt":"2018-08-14T14:38:34","guid":{"rendered":"http:\/\/www.tiempodehacer.org\/?p=1198"},"modified":"2018-08-15T10:06:23","modified_gmt":"2018-08-15T16:06:23","slug":"news-de-julio","status":"publish","type":"post","link":"https:\/\/www.tiempodehacer.org\/?p=1198","title":{"rendered":"News de Julio"},"content":{"rendered":"<p><strong>Ya estamos mudados!<br \/>\n<\/strong>El primer s\u00e1bado de julio, con la ayuda de algunas de las madres de familias que participan en el programa, los que trabajan para CONIN Merlo, voluntarios y directivos, comenzamos la mudanza hacia\u00a0las instalaciones del\u00a0<strong>Apoyo Escolar de las Hermanas de Esclavas<\/strong>, y logramos dejar liberado el espacio que nos hab\u00edan cedido en la\u00a0<strong>capilla Mater Dei<\/strong>, reci\u00e9n el tercer s\u00e1bado del mes con la colaboraci\u00f3n del grupo misionero de Esclavas que termin\u00f3 de mover los \u00faltimos bultos que quedaban.<br \/>\nTodav\u00eda seguimos haciendo arreglos y acomodando el mobiliario para poder dejar <strong>c\u00f3modos consultorios<\/strong> para que nuestra <strong>pediatra, la nutricionista, la psicopedagoga, y el asistente social<\/strong> puedan atender a los chicos y sus familias, y tengan el espacio que necesitan.<br \/>\nHemos recibido la <strong>donaci\u00f3n de unos armarios<\/strong> que ya est\u00e1n llenos con algunas de las otras tantas donaciones recibidas. Podr\u00e1n verlos en las fotos del mes.<\/p>\n<div id='gallery-1' class='gallery galleryid-1198 gallery-columns-2 gallery-size-medium'><figure class='gallery-item'>\n\t\t\t<div class='gallery-icon landscape'>\n\t\t\t\t<img loading=\"lazy\" decoding=\"async\" width=\"300\" height=\"168\" src=\"https:\/\/www.tiempodehacer.org\/wp-content\/uploads\/IMG-20180716-WA0013-300x168.jpg\" class=\"attachment-medium size-medium\" alt=\"\" srcset=\"https:\/\/www.tiempodehacer.org\/wp-content\/uploads\/IMG-20180716-WA0013-300x168.jpg 300w, https:\/\/www.tiempodehacer.org\/wp-content\/uploads\/IMG-20180716-WA0013-768x431.jpg 768w, https:\/\/www.tiempodehacer.org\/wp-content\/uploads\/IMG-20180716-WA0013-1024x575.jpg 1024w, https:\/\/www.tiempodehacer.org\/wp-content\/uploads\/IMG-20180716-WA0013.jpg 1040w\" sizes=\"auto, (max-width: 300px) 100vw, 300px\" \/>\n\t\t\t<\/div><\/figure><figure class='gallery-item'>\n\t\t\t<div class='gallery-icon landscape'>\n\t\t\t\t<img loading=\"lazy\" decoding=\"async\" width=\"300\" height=\"169\" src=\"https:\/\/www.tiempodehacer.org\/wp-content\/uploads\/IMG-20180711-WA0032-300x169.jpg\" class=\"attachment-medium size-medium\" alt=\"\" srcset=\"https:\/\/www.tiempodehacer.org\/wp-content\/uploads\/IMG-20180711-WA0032-300x169.jpg 300w, https:\/\/www.tiempodehacer.org\/wp-content\/uploads\/IMG-20180711-WA0032-768x432.jpg 768w, https:\/\/www.tiempodehacer.org\/wp-content\/uploads\/IMG-20180711-WA0032-1024x576.jpg 1024w, https:\/\/www.tiempodehacer.org\/wp-content\/uploads\/IMG-20180711-WA0032.jpg 1280w\" sizes=\"auto, (max-width: 300px) 100vw, 300px\" \/>\n\t\t\t<\/div><\/figure>\n\t\t<\/div>\n\n<p>Durante julio, aunque complicados por las vacaciones de invierno, recibimos la colaboraci\u00f3n de <strong>talleristas y voluntarios.<br \/>\n<\/strong><strong>Caba\u00f1a Barhy<\/strong>, sigue donando\u00a0<strong>maples de huevos\u00a0<\/strong>que cubren las cantidades necesarias para entregar s\u00e1bado a s\u00e1bado a las familias en el programa<br \/>\nRecibimos una muy linda <strong>donaci\u00f3n de parte del personal del INTI &#8211; Agroalimentos<\/strong> por el <strong>prode<\/strong> que se hizo all\u00ed con motivo del \u00faltimo <strong>Mundial de F\u00fatbol: el 50% de lo recaudado m\u00e1s el premio de uno de las ganadores.<\/strong> Ha sido un grat\u00edsimo gesto y muy \u00fatil, ya que esa donaci\u00f3n fue destinada a comprar leches para los bolsones de alimentos de las familias CONIN.<\/p>\n<p>Adem\u00e1s, con\u00a0<strong>inmenso agradecimiento<\/strong>, seguimos recibiendo las\u00a0<strong>donaciones mensuales de nuestros aportantes<\/strong>.<\/p>\n<p>Pasando\u00a0 a las cuestiones de\u00a0<strong>atenci\u00f3n<\/strong>, continuamos al borde del l\u00edmite de atenci\u00f3n al que podemos llegar.<br \/>\nNi el fr\u00edo, ni las vacaciones de invierno, redujo el\u00a0<strong>record de ni\u00f1os atendidos<\/strong>, con\u00a0<strong>m\u00e1s de 40 chicos en el Centro<\/strong>, a un promedio de 30 ni\u00f1os en el programa y el resto en hermanos mayores acompa\u00f1antes.<br \/>\nSeguimos controlando de cerca los casos con <strong>desnutrici\u00f3n grave<\/strong>, acompa\u00f1ando a las familias, con interconsultas de los profesionales con los hospitales de la zona y con la Fundaci\u00f3n CONIN.<\/p>\n<p>El s\u00e1bado 23 de julio, todos los profesionales llevaron a las <strong>familias CONIN a conocer Buenos Aires.<\/strong> Contratamos un micro escolar, entre las familias prepararon alimentos y bebidas para hacer un picnic, y durante todo el d\u00eda estuvieron recorriendo las principales atracciones de la ciudad.<br \/>\n<strong>Fue un d\u00eda espectacular!!!<\/strong> Vean algunas fotos con un click sobre la foto.<\/p>\n<p><img loading=\"lazy\" decoding=\"async\" class=\"aligncenter size-full wp-image-1205\" src=\"http:\/\/www.tiempodehacer.org\/wp-content\/uploads\/IMG-20180723-WA0004.jpg\" alt=\"\" width=\"1032\" height=\"774\" srcset=\"https:\/\/www.tiempodehacer.org\/wp-content\/uploads\/IMG-20180723-WA0004.jpg 1032w, https:\/\/www.tiempodehacer.org\/wp-content\/uploads\/IMG-20180723-WA0004-300x225.jpg 300w, https:\/\/www.tiempodehacer.org\/wp-content\/uploads\/IMG-20180723-WA0004-768x576.jpg 768w, https:\/\/www.tiempodehacer.org\/wp-content\/uploads\/IMG-20180723-WA0004-1024x768.jpg 1024w\" sizes=\"auto, (max-width: 1032px) 100vw, 1032px\" \/><\/p>\n<p>Por \u00faltimo, invitarlos nuevamente\u00a0<strong>a sumarse como donantes con aportes econ\u00f3micos a trav\u00e9s de nuestra p\u00e1gina<\/strong>, utilizando los botones para donaciones de \u00fanica vez o recurrentes.<a href=\"http:\/\/www.tiempodehacer.org\/?page_id=9\">\u00a0En el apartado\u00a0<strong>\u201cC\u00f3mo Ayudar?\u201d<\/strong>\u00a0podr\u00e1n encontrar las indicaciones para hacerlo (click aqu\u00ed)<\/a><br \/>\nQuienes ven\u00edan ayud\u00e1ndonos v\u00eda transferencias, ahora podr\u00e1n suscribirse al d\u00e9bito autom\u00e1tico por los botones de la p\u00e1gina.<br \/>\n<img loading=\"lazy\" decoding=\"async\" class=\"aligncenter size-full wp-image-1123\" src=\"http:\/\/www.tiempodehacer.org\/wp-content\/uploads\/Dona-por-aca.png\" sizes=\"auto, (max-width: 556px) 100vw, 556px\" srcset=\"http:\/\/www.tiempodehacer.org\/wp-content\/uploads\/Dona-por-aca.png 556w, http:\/\/www.tiempodehacer.org\/wp-content\/uploads\/Dona-por-aca-300x185.png 300w\" alt=\"\" width=\"556\" height=\"343\" \/><\/p>\n<p>Seguimos pensando que\u00a0<strong>tienen que acompa\u00f1arnos en este camino<\/strong>, y volvemos a pedirles que nos\u00a0<strong>ayuden a buscar m\u00e1s voluntarios, y muchos donantes!!!<\/strong><\/p>\n","protected":false},"excerpt":{"rendered":"<p>Ya estamos mudados! El primer s\u00e1bado de julio, con la ayuda de algunas de las madres de familias que participan en el programa, los que trabajan para CONIN Merlo, voluntarios y directivos, comenzamos la mudanza hacia\u00a0las instalaciones del\u00a0Apoyo Escolar de las Hermanas de Esclavas, y logramos dejar liberado el espacio que nos hab\u00edan cedido en &hellip; <\/p>\n","protected":false},"author":1,"featured_media":0,"comment_status":"open","ping_status":"open","sticky":false,"template":"","format":"standard","meta":{"footnotes":""},"categories":[1],"tags":[],"class_list":["post-1198","post","type-post","status-publish","format-standard","hentry","category-sin-categoria"],"_links":{"self":[{"href":"https:\/\/www.tiempodehacer.org\/index.php?rest_route=\/wp\/v2\/posts\/1198","targetHints":{"allow":["GET"]}}],"collection":[{"href":"https:\/\/www.tiempodehacer.org\/index.php?rest_route=\/wp\/v2\/posts"}],"about":[{"href":"https:\/\/www.tiempodehacer.org\/index.php?rest_route=\/wp\/v2\/types\/post"}],"author":[{"embeddable":true,"href":"https:\/\/www.tiempodehacer.org\/index.php?rest_route=\/wp\/v2\/users\/1"}],"replies":[{"embeddable":true,"href":"https:\/\/www.tiempodehacer.org\/index.php?rest_route=%2Fwp%2Fv2%2Fcomments&post=1198"}],"version-history":[{"count":4,"href":"https:\/\/www.tiempodehacer.org\/index.php?rest_route=\/wp\/v2\/posts\/1198\/revisions"}],"predecessor-version":[{"id":1328,"href":"https:\/\/www.tiempodehacer.org\/index.php?rest_route=\/wp\/v2\/posts\/1198\/revisions\/1328"}],"wp:attachment":[{"href":"https:\/\/www.tiempodehacer.org\/index.php?rest_route=%2Fwp%2Fv2%2Fmedia&parent=1198"}],"wp:term":[{"taxonomy":"category","embeddable":true,"href":"https:\/\/www.tiempodehacer.org\/index.php?rest_route=%2Fwp%2Fv2%2Fcategories&post=1198"},{"taxonomy":"post_tag","embeddable":true,"href":"https:\/\/www.tiempodehacer.org\/index.php?rest_route=%2Fwp%2Fv2%2Ftags&post=1198"}],"curies":[{"name":"wp","href":"https:\/\/api.w.org\/{rel}","templated":true}]}}