{"id":1335,"date":"2018-09-07T01:02:19","date_gmt":"2018-09-07T07:02:19","guid":{"rendered":"http:\/\/www.tiempodehacer.org\/?p=1335"},"modified":"2018-09-10T21:13:30","modified_gmt":"2018-09-11T03:13:30","slug":"info-de-agosto","status":"publish","type":"post","link":"https:\/\/www.tiempodehacer.org\/?p=1335","title":{"rendered":"Info de Agosto"},"content":{"rendered":"<p><strong>Cada vez m\u00e1s organizados en el nuevo lugar de CONIN Merlo.<br \/>\n<\/strong>De a poco podemos encontrar los lugares para establecer los 4 consultorios para que los profesionales del Centro puedan atender perfectamente a los ni\u00f1os y sus familias.<\/p>\n<p>A mediados de agosto, incorporamos a Flor, mam\u00e1 de una nena que ya le pudimos dar el alta del programa, como voluntaria frecuente, ayudando en todo lo que puede, aunque casi que ya est\u00e1 quedando como la encargada del armado de los bolsos de alimentos para cada familia, <strong>Gracias FLOR!!<\/strong><\/p>\n<p>Es necesario que completemos la informaci\u00f3n de los agradecimientos de Agosto:<br \/>\n-En primer lugar,<strong> gracias a los donantes!!<\/strong> Sin su aporte no podr\u00edamos cubrir las necesidades financieras del centro. Sigan donando, y ay\u00fadennos a buscar otros donantes como ustedes!!<br \/>\n-A todos <strong>los voluntarios y talleristas<\/strong> que se acercan al Centro para colaborar donando su conocimiento y su tiempo.<br \/>\n-Al <strong>colegio Esqui\u00fa<\/strong>, a todas las familias que nos donaron una cantidad importante de alimentos, y en especial a Julio que con su veh\u00edculo pudo acercarlos hasta el centro.<br \/>\n-Al <strong>colegio Oxford<\/strong>, por sus donaciones de leche y ropa para beb\u00e9s.<br \/>\n-Al <strong>colegio Esclavas de Ituzaing\u00f3<\/strong>,\u00a0Eugenia Trapani y Cecilia Rodriguez, por la\u00a0 donaci\u00f3n de los juguetes que pudimos entregar el d\u00eda del ni\u00f1o.<br \/>\n-A la<strong> empresa Enratio\/Absis Consulting<\/strong>, por permitir a sus empleados realizar colecta de leche, y por 4 laptos que han donado para utilizarlas en el centro<br \/>\n-A <strong>Caba\u00f1a Barhy<\/strong>, que sigue donando\u00a0<strong>maples de huevos\u00a0<\/strong>que cubren las cantidades necesarias para entregar s\u00e1bado a s\u00e1bado a las familias en el programa<br \/>\n-Al\u00a0<strong>personal del INTI \u2013 Agroalimentos<\/strong>, que nos env\u00edan tortas para que los chicos desayunen los s\u00e1bados.<br \/>\n-A quienes empezaron a donar <strong>50Kg de harina mensuales<\/strong>!!<br \/>\n-y no podemos dejar de agradecer a la congregaci\u00f3n por permitirnos desarrollar la actividad de CONIN Merlo en el\u00a0\u00a0las instalaciones del\u00a0<strong>Apoyo Escolar de las Hermanas de Esclavas.<br \/>\n<\/strong><\/p>\n<div id='gallery-1' class='gallery galleryid-1335 gallery-columns-2 gallery-size-medium'><figure class='gallery-item'>\n\t\t\t<div class='gallery-icon landscape'>\n\t\t\t\t<img loading=\"lazy\" decoding=\"async\" width=\"300\" height=\"169\" src=\"https:\/\/www.tiempodehacer.org\/wp-content\/uploads\/IMG-20180821-WA0037-300x169.jpg\" class=\"attachment-medium size-medium\" alt=\"\" srcset=\"https:\/\/www.tiempodehacer.org\/wp-content\/uploads\/IMG-20180821-WA0037-300x169.jpg 300w, https:\/\/www.tiempodehacer.org\/wp-content\/uploads\/IMG-20180821-WA0037-768x432.jpg 768w, https:\/\/www.tiempodehacer.org\/wp-content\/uploads\/IMG-20180821-WA0037-1024x576.jpg 1024w, https:\/\/www.tiempodehacer.org\/wp-content\/uploads\/IMG-20180821-WA0037.jpg 1280w\" sizes=\"auto, (max-width: 300px) 100vw, 300px\" \/>\n\t\t\t<\/div><\/figure><figure class='gallery-item'>\n\t\t\t<div class='gallery-icon landscape'>\n\t\t\t\t<img loading=\"lazy\" decoding=\"async\" width=\"300\" height=\"168\" src=\"https:\/\/www.tiempodehacer.org\/wp-content\/uploads\/IMG-20180821-WA0033-300x168.jpg\" class=\"attachment-medium size-medium\" alt=\"\" srcset=\"https:\/\/www.tiempodehacer.org\/wp-content\/uploads\/IMG-20180821-WA0033-300x168.jpg 300w, https:\/\/www.tiempodehacer.org\/wp-content\/uploads\/IMG-20180821-WA0033-768x431.jpg 768w, https:\/\/www.tiempodehacer.org\/wp-content\/uploads\/IMG-20180821-WA0033-1024x575.jpg 1024w, https:\/\/www.tiempodehacer.org\/wp-content\/uploads\/IMG-20180821-WA0033.jpg 1040w\" sizes=\"auto, (max-width: 300px) 100vw, 300px\" \/>\n\t\t\t<\/div><\/figure>\n\t\t<\/div>\n\n<p><span style=\"font-size: 1rem;\"><a href=\"http:\/\/www.tiempodehacer.org\/?p=1338\">Vean todas las fotos del mes haciendo click arriba.<\/a><br \/>\n<\/span><\/p>\n<p>Se viene la<strong> Fiesta Ochentosa de Primavera<\/strong> a total beneficio de TDH &#8211; CONIN Merlo&#8230;.<br \/>\n<a href=\"http:\/\/www.tiempodehacer.org\/?p=1329\"><img loading=\"lazy\" decoding=\"async\" class=\"aligncenter size-full wp-image-1337\" src=\"http:\/\/www.tiempodehacer.org\/wp-content\/uploads\/Ochentosa-Conin-2018-1.jpeg\" alt=\"\" width=\"581\" height=\"432\" srcset=\"https:\/\/www.tiempodehacer.org\/wp-content\/uploads\/Ochentosa-Conin-2018-1.jpeg 581w, https:\/\/www.tiempodehacer.org\/wp-content\/uploads\/Ochentosa-Conin-2018-1-300x223.jpeg 300w\" sizes=\"auto, (max-width: 581px) 100vw, 581px\" \/><\/a><br \/>\nLos esperamos!!<br \/>\nPueden acceder a los botones para <strong>compra de entradas<\/strong> con un click sobre la im\u00e1gen.<\/p>\n<p><span style=\"font-size: 1rem;\">Pasando\u00a0 a las cuestiones de\u00a0<\/span><strong style=\"font-size: 1rem;\">atenci\u00f3n<\/strong><span style=\"font-size: 1rem;\">, a\u00fan con el fr\u00edo, seguimos con gran cantidad de ni\u00f1os atendidos.\u00a0<\/span><strong>m\u00e1s de 40 chicos en el Centro<\/strong>, a un promedio de 30 ni\u00f1os en el programa y el resto en hermanos mayores acompa\u00f1antes.<br \/>\nSeguimos controlando de cerca los casos con\u00a0<strong>desnutrici\u00f3n grave<\/strong>, acompa\u00f1ando a las familias, con interconsultas de los profesionales con los hospitales de la zona y con la Fundaci\u00f3n CONIN.<\/p>\n<p>Por \u00faltimo, invitarlos nuevamente\u00a0<strong>a sumarse como donantes con aportes econ\u00f3micos a trav\u00e9s de nuestra p\u00e1gina<\/strong>, utilizando los botones para donaciones de \u00fanica vez o recurrentes.<a href=\"http:\/\/www.tiempodehacer.org\/?page_id=9\">\u00a0En el apartado\u00a0<strong>\u201cC\u00f3mo Ayudar?\u201d<\/strong>\u00a0podr\u00e1n encontrar las indicaciones para hacerlo (click aqu\u00ed)<\/a><br \/>\nQuienes ven\u00edan ayud\u00e1ndonos v\u00eda transferencias, ahora podr\u00e1n suscribirse al d\u00e9bito autom\u00e1tico por los botones de la p\u00e1gina.<br \/>\n<img loading=\"lazy\" decoding=\"async\" class=\"aligncenter size-full wp-image-1123\" src=\"http:\/\/www.tiempodehacer.org\/wp-content\/uploads\/Dona-por-aca.png\" sizes=\"auto, (max-width: 556px) 100vw, 556px\" srcset=\"http:\/\/www.tiempodehacer.org\/wp-content\/uploads\/Dona-por-aca.png 556w, http:\/\/www.tiempodehacer.org\/wp-content\/uploads\/Dona-por-aca-300x185.png 300w\" alt=\"\" width=\"556\" height=\"343\" \/><\/p>\n<p>Seguimos pensando que\u00a0<strong>tienen que acompa\u00f1arnos en este camino<\/strong>, y volvemos a pedirles que nos\u00a0<strong>ayuden a buscar m\u00e1s voluntarios, y muchos donantes!!!<\/strong><\/p>\n","protected":false},"excerpt":{"rendered":"<p>Cada vez m\u00e1s organizados en el nuevo lugar de CONIN Merlo. De a poco podemos encontrar los lugares para establecer los 4 consultorios para que los profesionales del Centro puedan atender perfectamente a los ni\u00f1os y sus familias. A mediados de agosto, incorporamos a Flor, mam\u00e1 de una nena que ya le pudimos dar el &hellip; <\/p>\n","protected":false},"author":1,"featured_media":0,"comment_status":"open","ping_status":"open","sticky":false,"template":"","format":"standard","meta":{"footnotes":""},"categories":[1],"tags":[],"class_list":["post-1335","post","type-post","status-publish","format-standard","hentry","category-sin-categoria"],"_links":{"self":[{"href":"https:\/\/www.tiempodehacer.org\/index.php?rest_route=\/wp\/v2\/posts\/1335","targetHints":{"allow":["GET"]}}],"collection":[{"href":"https:\/\/www.tiempodehacer.org\/index.php?rest_route=\/wp\/v2\/posts"}],"about":[{"href":"https:\/\/www.tiempodehacer.org\/index.php?rest_route=\/wp\/v2\/types\/post"}],"author":[{"embeddable":true,"href":"https:\/\/www.tiempodehacer.org\/index.php?rest_route=\/wp\/v2\/users\/1"}],"replies":[{"embeddable":true,"href":"https:\/\/www.tiempodehacer.org\/index.php?rest_route=%2Fwp%2Fv2%2Fcomments&post=1335"}],"version-history":[{"count":4,"href":"https:\/\/www.tiempodehacer.org\/index.php?rest_route=\/wp\/v2\/posts\/1335\/revisions"}],"predecessor-version":[{"id":1402,"href":"https:\/\/www.tiempodehacer.org\/index.php?rest_route=\/wp\/v2\/posts\/1335\/revisions\/1402"}],"wp:attachment":[{"href":"https:\/\/www.tiempodehacer.org\/index.php?rest_route=%2Fwp%2Fv2%2Fmedia&parent=1335"}],"wp:term":[{"taxonomy":"category","embeddable":true,"href":"https:\/\/www.tiempodehacer.org\/index.php?rest_route=%2Fwp%2Fv2%2Fcategories&post=1335"},{"taxonomy":"post_tag","embeddable":true,"href":"https:\/\/www.tiempodehacer.org\/index.php?rest_route=%2Fwp%2Fv2%2Ftags&post=1335"}],"curies":[{"name":"wp","href":"https:\/\/api.w.org\/{rel}","templated":true}]}}