{"id":2267,"date":"2018-11-11T19:34:40","date_gmt":"2018-11-12T01:34:40","guid":{"rendered":"http:\/\/www.tiempodehacer.org\/?p=2267"},"modified":"2018-11-11T19:34:40","modified_gmt":"2018-11-12T01:34:40","slug":"empezamos-con-los-viernes","status":"publish","type":"post","link":"https:\/\/www.tiempodehacer.org\/?p=2267","title":{"rendered":"Empezamos con los viernes"},"content":{"rendered":"<p>A partir del pasado 12 de octubre, se inauguraron los viernes de atenci\u00f3n en La Teja.<\/p>\n<p>Ampliamos nuestro servicio un d\u00eda m\u00e1s, y de a poco van acerc\u00e1ndose las familias con ni\u00f1os en condiciones de ingresar al programa.<\/p>\n<p>Octubre finaliz\u00f3 con 9 ni\u00f1os ingresados y que ya est\u00e1n al cuidado de nuestros profesionales coordinados seg\u00fan lo que nos dicta Conin.<\/p>\n<p>El lugar es solo a unas cuadras de donde atendemos los s\u00e1bados.<\/p>\n<p>Las familias que ingresan al programa, tambi\u00e9n son atendidas con talleres, charlas, consultas m\u00e9dicas, y se llevan los bolsones de alimentos para la semana.<\/p>\n<p>En las fotos de abajo podr\u00e1n ver algo de lo que pas\u00f3 en uno de los primeros viernes.<\/p>\n<div id='gallery-1' class='gallery galleryid-2267 gallery-columns-3 gallery-size-medium'><figure class='gallery-item'>\n\t\t\t<div class='gallery-icon portrait'>\n\t\t\t\t<img loading=\"lazy\" decoding=\"async\" width=\"168\" height=\"300\" src=\"https:\/\/www.tiempodehacer.org\/wp-content\/uploads\/WhatsApp-Image-2018-10-26-at-17.48.18-1-168x300.jpeg\" class=\"attachment-medium size-medium\" alt=\"\" srcset=\"https:\/\/www.tiempodehacer.org\/wp-content\/uploads\/WhatsApp-Image-2018-10-26-at-17.48.18-1-168x300.jpeg 168w, https:\/\/www.tiempodehacer.org\/wp-content\/uploads\/WhatsApp-Image-2018-10-26-at-17.48.18-1-575x1024.jpeg 575w, https:\/\/www.tiempodehacer.org\/wp-content\/uploads\/WhatsApp-Image-2018-10-26-at-17.48.18-1.jpeg 584w\" sizes=\"auto, (max-width: 168px) 100vw, 168px\" \/>\n\t\t\t<\/div><\/figure><figure class='gallery-item'>\n\t\t\t<div class='gallery-icon portrait'>\n\t\t\t\t<img loading=\"lazy\" decoding=\"async\" width=\"168\" height=\"300\" src=\"https:\/\/www.tiempodehacer.org\/wp-content\/uploads\/WhatsApp-Image-2018-10-26-at-17.48.19-1-168x300.jpeg\" class=\"attachment-medium size-medium\" alt=\"\" srcset=\"https:\/\/www.tiempodehacer.org\/wp-content\/uploads\/WhatsApp-Image-2018-10-26-at-17.48.19-1-168x300.jpeg 168w, https:\/\/www.tiempodehacer.org\/wp-content\/uploads\/WhatsApp-Image-2018-10-26-at-17.48.19-1-575x1024.jpeg 575w, https:\/\/www.tiempodehacer.org\/wp-content\/uploads\/WhatsApp-Image-2018-10-26-at-17.48.19-1.jpeg 584w\" sizes=\"auto, (max-width: 168px) 100vw, 168px\" \/>\n\t\t\t<\/div><\/figure><figure class='gallery-item'>\n\t\t\t<div class='gallery-icon portrait'>\n\t\t\t\t<img loading=\"lazy\" decoding=\"async\" width=\"168\" height=\"300\" src=\"https:\/\/www.tiempodehacer.org\/wp-content\/uploads\/WhatsApp-Image-2018-10-26-at-17.48.20-1-168x300.jpeg\" class=\"attachment-medium size-medium\" alt=\"\" srcset=\"https:\/\/www.tiempodehacer.org\/wp-content\/uploads\/WhatsApp-Image-2018-10-26-at-17.48.20-1-168x300.jpeg 168w, https:\/\/www.tiempodehacer.org\/wp-content\/uploads\/WhatsApp-Image-2018-10-26-at-17.48.20-1-575x1024.jpeg 575w, https:\/\/www.tiempodehacer.org\/wp-content\/uploads\/WhatsApp-Image-2018-10-26-at-17.48.20-1.jpeg 584w\" sizes=\"auto, (max-width: 168px) 100vw, 168px\" \/>\n\t\t\t<\/div><\/figure>\n\t\t<\/div>\n\n","protected":false},"excerpt":{"rendered":"<p>A partir del pasado 12 de octubre, se inauguraron los viernes de atenci\u00f3n en La Teja. Ampliamos nuestro servicio un d\u00eda m\u00e1s, y de a poco van acerc\u00e1ndose las familias con ni\u00f1os en condiciones de ingresar al programa. Octubre finaliz\u00f3 con 9 ni\u00f1os ingresados y que ya est\u00e1n al cuidado de nuestros profesionales coordinados seg\u00fan &hellip; <\/p>\n","protected":false},"author":1,"featured_media":0,"comment_status":"open","ping_status":"open","sticky":false,"template":"","format":"standard","meta":{"footnotes":""},"categories":[1],"tags":[],"class_list":["post-2267","post","type-post","status-publish","format-standard","hentry","category-sin-categoria"],"_links":{"self":[{"href":"https:\/\/www.tiempodehacer.org\/index.php?rest_route=\/wp\/v2\/posts\/2267","targetHints":{"allow":["GET"]}}],"collection":[{"href":"https:\/\/www.tiempodehacer.org\/index.php?rest_route=\/wp\/v2\/posts"}],"about":[{"href":"https:\/\/www.tiempodehacer.org\/index.php?rest_route=\/wp\/v2\/types\/post"}],"author":[{"embeddable":true,"href":"https:\/\/www.tiempodehacer.org\/index.php?rest_route=\/wp\/v2\/users\/1"}],"replies":[{"embeddable":true,"href":"https:\/\/www.tiempodehacer.org\/index.php?rest_route=%2Fwp%2Fv2%2Fcomments&post=2267"}],"version-history":[{"count":1,"href":"https:\/\/www.tiempodehacer.org\/index.php?rest_route=\/wp\/v2\/posts\/2267\/revisions"}],"predecessor-version":[{"id":2272,"href":"https:\/\/www.tiempodehacer.org\/index.php?rest_route=\/wp\/v2\/posts\/2267\/revisions\/2272"}],"wp:attachment":[{"href":"https:\/\/www.tiempodehacer.org\/index.php?rest_route=%2Fwp%2Fv2%2Fmedia&parent=2267"}],"wp:term":[{"taxonomy":"category","embeddable":true,"href":"https:\/\/www.tiempodehacer.org\/index.php?rest_route=%2Fwp%2Fv2%2Fcategories&post=2267"},{"taxonomy":"post_tag","embeddable":true,"href":"https:\/\/www.tiempodehacer.org\/index.php?rest_route=%2Fwp%2Fv2%2Ftags&post=2267"}],"curies":[{"name":"wp","href":"https:\/\/api.w.org\/{rel}","templated":true}]}}