{"id":2388,"date":"2018-12-10T10:03:18","date_gmt":"2018-12-10T16:03:18","guid":{"rendered":"http:\/\/www.tiempodehacer.org\/?p=2388"},"modified":"2018-12-10T10:06:01","modified_gmt":"2018-12-10T16:06:01","slug":"actividades-de-noviembre","status":"publish","type":"post","link":"https:\/\/www.tiempodehacer.org\/?p=2388","title":{"rendered":"Actividades de Noviembre"},"content":{"rendered":"<p><strong>Primer finde<\/strong><br \/>\n&#8211; Se organiz\u00f3 la primera Zumbaton para madres y vecinos de BN, con gran convocatoria y excelentes resultados<br \/>\n&#8211; Se realiz\u00f3 el D\u00eda de la Familia y Sports en Esclavas, donde TDH vendi\u00f3 licuados y picadas para los alumnos y familias que pasaron un s\u00e1bado espectacular en el colegio. Se logr\u00f3 una recaudaci\u00f3n mayor a los $24.000.- Espectacular!!<\/p>\n<p><strong>Segundo finde<\/strong><br \/>\n&#8211; La lluvia no nos dej\u00f3 tener un buen fin de semana. Solo tuvimos 3 mam\u00e1s en el centro. No la est\u00e1n pasando bien. Las familias que viven m\u00e1s cerca del arroyo, tuvieron agua dentro de sus casas, con niveles que superan el alto de las camas.<br \/>\n&#8211; Lanzamos una campa\u00f1a para recolectar toallas, s\u00e1banas y frazadas para poder dar una mano y palear un poco la situaci\u00f3n. Gracias<br \/>\n&#8211; Dejamos en la Fundaci\u00f3n Juanito las bananas que quedaron de los Sports en Esclavas.<\/p>\n<p><b>Tercer finde<br \/>\n<\/b>&#8211; Se produjo un incendio en la casa de una de las familias de nuestro programa. Como podemos, ayudamos en lo posible para que puedan restablecerse.<br \/>\n&#8211; Continuamos con el pedido de S\u00e1banas, frazadas, y toallas.<br \/>\n&#8211; Recibimos la donaci\u00f3n de juegos realizados por los alumnos de la Escuela Secundaria San Antonio de Padua para La Teja!<br \/>\n&#8211; Tambi\u00e9n nos donaron unas billeteras de tybeak<br \/>\n&#8211; Realizamos la Primera charla en La Teja! A cargo de Paula, nuestra nutricionista..<br \/>\n&#8211; Muchos ni\u00f1os van formando la jornada en La Teja&#8230;. 4 en programa, 9 en admision&#8230; Con hermanitos incluidos eran 18!<br \/>\n&#8211; Paula, nuestra nutricionista, dio el Taller de alimentaci\u00f3n para ni\u00f1os enfermos en Barrio Nuevo<br \/>\n&#8211; Como todos los terceros s\u00e1bados de mes, el chef Juan entro en acci\u00f3n<br \/>\n&#8211; Pudimos llevar las donaciones de frazadas, s\u00e1banas y toallas&#8230; GRACIAS!<\/p>\n<p><strong>Cuarto finde<\/strong><br \/>\n&#8211; Linda colecta en el encuentro del grupo Futbol&amp;Asado, imitable&#8230; GRACIAS!<\/p>\n<div id='gallery-1' class='gallery galleryid-2388 gallery-columns-2 gallery-size-medium'><figure class='gallery-item'>\n\t\t\t<div class='gallery-icon landscape'>\n\t\t\t\t<a href='https:\/\/www.tiempodehacer.org\/?attachment_id=2390'><img loading=\"lazy\" decoding=\"async\" width=\"300\" height=\"146\" src=\"https:\/\/www.tiempodehacer.org\/wp-content\/uploads\/WhatsApp-Image-2018-11-24-at-10.29.031-300x146.jpeg\" class=\"attachment-medium size-medium\" alt=\"\" srcset=\"https:\/\/www.tiempodehacer.org\/wp-content\/uploads\/WhatsApp-Image-2018-11-24-at-10.29.031-300x146.jpeg 300w, https:\/\/www.tiempodehacer.org\/wp-content\/uploads\/WhatsApp-Image-2018-11-24-at-10.29.031-768x374.jpeg 768w, https:\/\/www.tiempodehacer.org\/wp-content\/uploads\/WhatsApp-Image-2018-11-24-at-10.29.031-1024x499.jpeg 1024w, https:\/\/www.tiempodehacer.org\/wp-content\/uploads\/WhatsApp-Image-2018-11-24-at-10.29.031.jpeg 1280w\" sizes=\"auto, (max-width: 300px) 100vw, 300px\" \/><\/a>\n\t\t\t<\/div><\/figure><figure class='gallery-item'>\n\t\t\t<div class='gallery-icon landscape'>\n\t\t\t\t<a href='https:\/\/www.tiempodehacer.org\/?attachment_id=2391'><img loading=\"lazy\" decoding=\"async\" width=\"300\" height=\"225\" src=\"https:\/\/www.tiempodehacer.org\/wp-content\/uploads\/WhatsApp-Image-2018-11-24-at-10.29.03-300x225.jpeg\" class=\"attachment-medium size-medium\" alt=\"\" srcset=\"https:\/\/www.tiempodehacer.org\/wp-content\/uploads\/WhatsApp-Image-2018-11-24-at-10.29.03-300x225.jpeg 300w, https:\/\/www.tiempodehacer.org\/wp-content\/uploads\/WhatsApp-Image-2018-11-24-at-10.29.03-768x576.jpeg 768w, https:\/\/www.tiempodehacer.org\/wp-content\/uploads\/WhatsApp-Image-2018-11-24-at-10.29.03-1024x768.jpeg 1024w, https:\/\/www.tiempodehacer.org\/wp-content\/uploads\/WhatsApp-Image-2018-11-24-at-10.29.03.jpeg 1040w\" sizes=\"auto, (max-width: 300px) 100vw, 300px\" \/><\/a>\n\t\t\t<\/div><\/figure>\n\t\t<\/div>\n\n<p>&#8211; Nuestras profesionales, fueron al encuentro de Conin Amba! Fue una jornada muy productiva!!!<\/p>\n","protected":false},"excerpt":{"rendered":"<p>Primer finde &#8211; Se organiz\u00f3 la primera Zumbaton para madres y vecinos de BN, con gran convocatoria y excelentes resultados &#8211; Se realiz\u00f3 el D\u00eda de la Familia y Sports en Esclavas, donde TDH vendi\u00f3 licuados y picadas para los alumnos y familias que pasaron un s\u00e1bado espectacular en el colegio. Se logr\u00f3 una recaudaci\u00f3n &hellip; <\/p>\n","protected":false},"author":1,"featured_media":0,"comment_status":"open","ping_status":"open","sticky":false,"template":"","format":"standard","meta":{"footnotes":""},"categories":[1],"tags":[],"class_list":["post-2388","post","type-post","status-publish","format-standard","hentry","category-sin-categoria"],"_links":{"self":[{"href":"https:\/\/www.tiempodehacer.org\/index.php?rest_route=\/wp\/v2\/posts\/2388","targetHints":{"allow":["GET"]}}],"collection":[{"href":"https:\/\/www.tiempodehacer.org\/index.php?rest_route=\/wp\/v2\/posts"}],"about":[{"href":"https:\/\/www.tiempodehacer.org\/index.php?rest_route=\/wp\/v2\/types\/post"}],"author":[{"embeddable":true,"href":"https:\/\/www.tiempodehacer.org\/index.php?rest_route=\/wp\/v2\/users\/1"}],"replies":[{"embeddable":true,"href":"https:\/\/www.tiempodehacer.org\/index.php?rest_route=%2Fwp%2Fv2%2Fcomments&post=2388"}],"version-history":[{"count":3,"href":"https:\/\/www.tiempodehacer.org\/index.php?rest_route=\/wp\/v2\/posts\/2388\/revisions"}],"predecessor-version":[{"id":2416,"href":"https:\/\/www.tiempodehacer.org\/index.php?rest_route=\/wp\/v2\/posts\/2388\/revisions\/2416"}],"wp:attachment":[{"href":"https:\/\/www.tiempodehacer.org\/index.php?rest_route=%2Fwp%2Fv2%2Fmedia&parent=2388"}],"wp:term":[{"taxonomy":"category","embeddable":true,"href":"https:\/\/www.tiempodehacer.org\/index.php?rest_route=%2Fwp%2Fv2%2Fcategories&post=2388"},{"taxonomy":"post_tag","embeddable":true,"href":"https:\/\/www.tiempodehacer.org\/index.php?rest_route=%2Fwp%2Fv2%2Ftags&post=2388"}],"curies":[{"name":"wp","href":"https:\/\/api.w.org\/{rel}","templated":true}]}}