{"id":2415,"date":"2019-05-13T11:52:09","date_gmt":"2019-05-13T17:52:09","guid":{"rendered":"http:\/\/www.tiempodehacer.org\/?p=2415"},"modified":"2019-05-15T20:32:02","modified_gmt":"2019-05-16T02:32:02","slug":"novedades-de-enero-febrero-marzo-y-abril-en-tdh","status":"publish","type":"post","link":"https:\/\/www.tiempodehacer.org\/?p=2415","title":{"rendered":"Novedades de Enero, Febrero, Marzo y Abril en TDH"},"content":{"rendered":"<p><span style=\"color: #ff6600;\">\u00a1<strong>Hola<\/strong>!<\/span><\/p>\n<p><span style=\"color: #ff6600;\">Desde que empez\u00f3 el a\u00f1o, <strong>Tiempo de Hacer<\/strong> se estuvo moviendo mucho para <strong>combatir la desnutrici\u00f3n infantil y mejorar la calidad de vida de las familias en el partido de Merlo<\/strong>. Gracias a su ayuda, se pudo mejorar un mont\u00f3n la atenci\u00f3n que brindamos durante estos cuatro meses.<\/span><\/p>\n<p>En el primer mes del a\u00f1o, arrancamos con<strong><span style=\"color: #ff6600;\"> <a style=\"color: #ff6600;\" href=\"https:\/\/m.facebook.com\/story.php?story_fbid=1034129946775224&amp;id=976041222584097\">muchos proyectos<\/a><\/span>,\u00a0<\/strong>hablamos con las madres del programa para que est\u00e9n al tanto de lo que estaban haciendo con nosotros y c\u00f3mo ellas tambi\u00e9n pod\u00edan contribuir, desde la detecci\u00f3n de familias nuevas en el barrio o desde el voluntariado. Entregamos los juguetes de Reyes Magos que recibimos, distribuimos m\u00e1s de 20 bolsones de comida e hicimos las <strong><span style=\"color: #ff6600;\"><a style=\"color: #ff6600;\" href=\"https:\/\/m.facebook.com\/story.php?story_fbid=1052997288221823&amp;id=976041222584097\">meriendas en La Teja y los almuerzos en Barrio Nuevo<\/a>.<\/span><\/strong><\/p>\n<p><img loading=\"lazy\" decoding=\"async\" class=\"size-medium wp-image-2417 alignnone\" src=\"http:\/\/www.tiempodehacer.org\/wp-content\/uploads\/WhatsApp-Image-2018-12-10-at-12.33.231-300x146.jpeg\" alt=\"\" width=\"300\" height=\"146\" srcset=\"https:\/\/www.tiempodehacer.org\/wp-content\/uploads\/WhatsApp-Image-2018-12-10-at-12.33.231-300x146.jpeg 300w, https:\/\/www.tiempodehacer.org\/wp-content\/uploads\/WhatsApp-Image-2018-12-10-at-12.33.231-768x374.jpeg 768w, https:\/\/www.tiempodehacer.org\/wp-content\/uploads\/WhatsApp-Image-2018-12-10-at-12.33.231-1024x499.jpeg 1024w, https:\/\/www.tiempodehacer.org\/wp-content\/uploads\/WhatsApp-Image-2018-12-10-at-12.33.231.jpeg 1280w\" sizes=\"auto, (max-width: 300px) 100vw, 300px\" \/>\u00a0 \u00a0\u00a0<img loading=\"lazy\" decoding=\"async\" class=\"alignnone size-medium wp-image-2418\" src=\"http:\/\/www.tiempodehacer.org\/wp-content\/uploads\/WhatsApp-Image-2018-12-10-at-12.33.21-300x146.jpeg\" alt=\"\" width=\"300\" height=\"146\" srcset=\"https:\/\/www.tiempodehacer.org\/wp-content\/uploads\/WhatsApp-Image-2018-12-10-at-12.33.21-300x146.jpeg 300w, https:\/\/www.tiempodehacer.org\/wp-content\/uploads\/WhatsApp-Image-2018-12-10-at-12.33.21-768x373.jpeg 768w, https:\/\/www.tiempodehacer.org\/wp-content\/uploads\/WhatsApp-Image-2018-12-10-at-12.33.21-1024x498.jpeg 1024w, https:\/\/www.tiempodehacer.org\/wp-content\/uploads\/WhatsApp-Image-2018-12-10-at-12.33.21.jpeg 1280w\" sizes=\"auto, (max-width: 300px) 100vw, 300px\" \/><\/p>\n<p><strong>Febrero<\/strong> fue un mes intenso, con visitas de mucha gente que nos acompa\u00f1a desde que empezamos para ense\u00f1ar, ayudar y construir una mejor vida en Merlo. \u00a1<a href=\"https:\/\/m.facebook.com\/story.php?story_fbid=1067298243458394&amp;substory_index=0&amp;id=976041222584097\">El primer d\u00eda nos sorprendi\u00f3 con la<strong> <span style=\"color: #ff6600;\">primera cosecha de acelga<\/span>!<\/strong><\/a>\u00a0Adem\u00e1s, <a href=\"https:\/\/m.facebook.com\/story.php?story_fbid=1068610709993814&amp;id=976041222584097\">recibimos <strong><span style=\"color: #ff6600;\">computadoras y balanzas nuevas<\/span><\/strong> para seguir atendiendo con la mejor calidad.<\/a>\u00a0\u00a1Entregamos bolsones, hicimos talleres y los chicos se divirtieron m\u00e1s que nunca!<\/p>\n<div id='gallery-1' class='gallery galleryid-2415 gallery-columns-3 gallery-size-medium'><figure class='gallery-item'>\n\t\t\t<div class='gallery-icon portrait'>\n\t\t\t\t<a href='https:\/\/www.tiempodehacer.org\/?attachment_id=2419'><img loading=\"lazy\" decoding=\"async\" width=\"225\" height=\"300\" src=\"https:\/\/www.tiempodehacer.org\/wp-content\/uploads\/ACELGA-225x300.jpeg\" class=\"attachment-medium size-medium\" alt=\"\" srcset=\"https:\/\/www.tiempodehacer.org\/wp-content\/uploads\/ACELGA-225x300.jpeg 225w, https:\/\/www.tiempodehacer.org\/wp-content\/uploads\/ACELGA-768x1024.jpeg 768w, https:\/\/www.tiempodehacer.org\/wp-content\/uploads\/ACELGA.jpeg 780w\" sizes=\"auto, (max-width: 225px) 100vw, 225px\" \/><\/a>\n\t\t\t<\/div><\/figure><figure class='gallery-item'>\n\t\t\t<div class='gallery-icon portrait'>\n\t\t\t\t<a href='https:\/\/www.tiempodehacer.org\/?attachment_id=2420'><img loading=\"lazy\" decoding=\"async\" width=\"225\" height=\"300\" src=\"https:\/\/www.tiempodehacer.org\/wp-content\/uploads\/acelga1-225x300.jpeg\" class=\"attachment-medium size-medium\" alt=\"\" srcset=\"https:\/\/www.tiempodehacer.org\/wp-content\/uploads\/acelga1-225x300.jpeg 225w, https:\/\/www.tiempodehacer.org\/wp-content\/uploads\/acelga1-768x1024.jpeg 768w, https:\/\/www.tiempodehacer.org\/wp-content\/uploads\/acelga1.jpeg 780w\" sizes=\"auto, (max-width: 225px) 100vw, 225px\" \/><\/a>\n\t\t\t<\/div><\/figure><figure class='gallery-item'>\n\t\t\t<div class='gallery-icon portrait'>\n\t\t\t\t<a href='https:\/\/www.tiempodehacer.org\/?attachment_id=2421'><img loading=\"lazy\" decoding=\"async\" width=\"225\" height=\"300\" src=\"https:\/\/www.tiempodehacer.org\/wp-content\/uploads\/acelga2-225x300.jpeg\" class=\"attachment-medium size-medium\" alt=\"\" srcset=\"https:\/\/www.tiempodehacer.org\/wp-content\/uploads\/acelga2-225x300.jpeg 225w, https:\/\/www.tiempodehacer.org\/wp-content\/uploads\/acelga2-768x1024.jpeg 768w, https:\/\/www.tiempodehacer.org\/wp-content\/uploads\/acelga2.jpeg 780w\" sizes=\"auto, (max-width: 225px) 100vw, 225px\" \/><\/a>\n\t\t\t<\/div><\/figure>\n\t\t<\/div>\n\n<p><strong>En marzo<\/strong> pudimos <a href=\"https:\/\/m.facebook.com\/story.php?story_fbid=1080282008826684&amp;id=976041222584097\"><strong><span style=\"color: #ff6600;\">potenciar nuestro trabajo en la huerta<\/span><\/strong>\u00a0\u00a0<\/a>para que las madres aprendieran a cultivar, cosechar y cocinar su propia comida. Adem\u00e1s, hicimos talleres con la psicopedagoga y seguimos entregando bolsones de comida. Los chicos, con <span style=\"color: #ff6600;\"><strong><a style=\"color: #ff6600;\" href=\"https:\/\/m.facebook.com\/story.php?story_fbid=1086751041513114&amp;substory_index=0&amp;id=976041222584097\">juguetes nuevos<\/a><\/strong>,<\/span> \u00a1estaban m\u00e1s contentos que nunca!<\/p>\n<table cellpadding=\"2\">\n<tbody>\n<tr>\n<td style=\"text-align: center;\"><img loading=\"lazy\" decoding=\"async\" class=\"wp-image-2422 aligncenter\" src=\"http:\/\/www.tiempodehacer.org\/wp-content\/uploads\/WhatsApp-Image-2019-03-23-at-15.35.001-225x300.jpeg\" alt=\"\" width=\"167\" height=\"223\" srcset=\"https:\/\/www.tiempodehacer.org\/wp-content\/uploads\/WhatsApp-Image-2019-03-23-at-15.35.001-225x300.jpeg 225w, https:\/\/www.tiempodehacer.org\/wp-content\/uploads\/WhatsApp-Image-2019-03-23-at-15.35.001-768x1024.jpeg 768w, https:\/\/www.tiempodehacer.org\/wp-content\/uploads\/WhatsApp-Image-2019-03-23-at-15.35.001.jpeg 780w\" sizes=\"auto, (max-width: 167px) 100vw, 167px\" \/><\/td>\n<td style=\"text-align: center;\"><img loading=\"lazy\" decoding=\"async\" class=\"wp-image-2423 aligncenter\" src=\"http:\/\/www.tiempodehacer.org\/wp-content\/uploads\/WhatsApp-Image-2019-03-23-at-15.35.04-225x300.jpeg\" alt=\"\" width=\"142\" height=\"189\" srcset=\"https:\/\/www.tiempodehacer.org\/wp-content\/uploads\/WhatsApp-Image-2019-03-23-at-15.35.04-225x300.jpeg 225w, https:\/\/www.tiempodehacer.org\/wp-content\/uploads\/WhatsApp-Image-2019-03-23-at-15.35.04-768x1024.jpeg 768w, https:\/\/www.tiempodehacer.org\/wp-content\/uploads\/WhatsApp-Image-2019-03-23-at-15.35.04.jpeg 780w\" sizes=\"auto, (max-width: 142px) 100vw, 142px\" \/><\/td>\n<\/tr>\n<\/tbody>\n<\/table>\n<p><strong>Abril<\/strong> tuvo la <strong>visita del cocinero y un <span style=\"color: #ff6600;\"><a style=\"color: #ff6600;\" href=\"https:\/\/m.facebook.com\/story.php?story_fbid=1109712779216940&amp;id=976041222584097\">excelente y divertido taller de tejido<\/a><\/span><\/strong>. Los chicos se siguen nutriendo y creciendo. Las madres siguen aprendiendo y cuidando a sus hijos. Y nuestra dedicaci\u00f3n y esfuerzo por combatir la desnutrici\u00f3n crece d\u00eda a d\u00eda.<\/p>\n<div id='gallery-2' class='gallery galleryid-2415 gallery-columns-3 gallery-size-large'><figure class='gallery-item'>\n\t\t\t<div class='gallery-icon portrait'>\n\t\t\t\t<a href='https:\/\/www.tiempodehacer.org\/?attachment_id=2427'><img loading=\"lazy\" decoding=\"async\" width=\"768\" height=\"1024\" src=\"https:\/\/www.tiempodehacer.org\/wp-content\/uploads\/WhatsApp-Image-2019-04-13-at-13.54.051-768x1024.jpeg\" class=\"attachment-large size-large\" alt=\"\" srcset=\"https:\/\/www.tiempodehacer.org\/wp-content\/uploads\/WhatsApp-Image-2019-04-13-at-13.54.051-768x1024.jpeg 768w, https:\/\/www.tiempodehacer.org\/wp-content\/uploads\/WhatsApp-Image-2019-04-13-at-13.54.051-225x300.jpeg 225w, https:\/\/www.tiempodehacer.org\/wp-content\/uploads\/WhatsApp-Image-2019-04-13-at-13.54.051.jpeg 780w\" sizes=\"auto, (max-width: 768px) 100vw, 768px\" \/><\/a>\n\t\t\t<\/div><\/figure><figure class='gallery-item'>\n\t\t\t<div class='gallery-icon landscape'>\n\t\t\t\t<a href='https:\/\/www.tiempodehacer.org\/?attachment_id=2426'><img loading=\"lazy\" decoding=\"async\" width=\"770\" height=\"578\" src=\"https:\/\/www.tiempodehacer.org\/wp-content\/uploads\/WhatsApp-Image-2019-04-06-at-18.00.561-1024x768.jpeg\" class=\"attachment-large size-large\" alt=\"\" srcset=\"https:\/\/www.tiempodehacer.org\/wp-content\/uploads\/WhatsApp-Image-2019-04-06-at-18.00.561-1024x768.jpeg 1024w, https:\/\/www.tiempodehacer.org\/wp-content\/uploads\/WhatsApp-Image-2019-04-06-at-18.00.561-300x225.jpeg 300w, https:\/\/www.tiempodehacer.org\/wp-content\/uploads\/WhatsApp-Image-2019-04-06-at-18.00.561-768x576.jpeg 768w, https:\/\/www.tiempodehacer.org\/wp-content\/uploads\/WhatsApp-Image-2019-04-06-at-18.00.561.jpeg 1040w\" sizes=\"auto, (max-width: 770px) 100vw, 770px\" \/><\/a>\n\t\t\t<\/div><\/figure><figure class='gallery-item'>\n\t\t\t<div class='gallery-icon portrait'>\n\t\t\t\t<a href='https:\/\/www.tiempodehacer.org\/?attachment_id=2425'><img loading=\"lazy\" decoding=\"async\" width=\"768\" height=\"1024\" src=\"https:\/\/www.tiempodehacer.org\/wp-content\/uploads\/WhatsApp-Image-2019-04-06-at-18.00.55-768x1024.jpeg\" class=\"attachment-large size-large\" alt=\"\" srcset=\"https:\/\/www.tiempodehacer.org\/wp-content\/uploads\/WhatsApp-Image-2019-04-06-at-18.00.55-768x1024.jpeg 768w, https:\/\/www.tiempodehacer.org\/wp-content\/uploads\/WhatsApp-Image-2019-04-06-at-18.00.55-225x300.jpeg 225w, https:\/\/www.tiempodehacer.org\/wp-content\/uploads\/WhatsApp-Image-2019-04-06-at-18.00.55.jpeg 780w\" sizes=\"auto, (max-width: 768px) 100vw, 768px\" \/><\/a>\n\t\t\t<\/div><\/figure>\n\t\t<\/div>\n\n<p><strong><span style=\"color: #ff6600;\">\u00a1Seguimos necesitando que nos ayuden con donaciones!<\/span> <\/strong><\/p>\n<p>Pueden hacerlo suscribi\u00e9ndose al d\u00e9bito autom\u00e1tico, haciendo donaciones mensuales aisladas o de cualquier otra manera que deseen. Es necesario poder<strong><span style=\"color: #ff6600;\"> cubrir los gastos de lo que hacemos<\/span> <\/strong>y es crucial la ayuda de ustedes, tanto desde su propio aporte como desde la difusi\u00f3n de nuestro proyecto a sus familiares, amigos y conocidos. \u00a1Que nuestro nombre llegue a todos lados! Necesitamos nuevos voluntarios, nuevos talleristas, pero por sobre todo donantes. \u00a1Sumate a la difusi\u00f3n de nuestra campa\u00f1a!<\/p>\n<p><strong>Recuerden que pueden deducir sus donaciones a Tiempo de Hacer del impuesto a las Ganancias, nuestro CUIT <span style=\"color: #ff6600;\">30-71580487-1<\/span>, se encuentra habilitado para que puedan declarar sus donaciones. \u00a1Aprov\u00e9chenlo!<\/strong><\/p>\n<p><img loading=\"lazy\" decoding=\"async\" class=\"aligncenter wp-image-2151 size-large\" src=\"http:\/\/www.tiempodehacer.org\/wp-content\/uploads\/la-satisfacci\u00f3n-de-ayudar-a-los-dem\u00e1s-1024x455.jpg\" alt=\"\" width=\"525\" height=\"233\" srcset=\"https:\/\/www.tiempodehacer.org\/wp-content\/uploads\/la-satisfacci\u00f3n-de-ayudar-a-los-dem\u00e1s-1024x455.jpg 1024w, https:\/\/www.tiempodehacer.org\/wp-content\/uploads\/la-satisfacci\u00f3n-de-ayudar-a-los-dem\u00e1s-300x133.jpg 300w, https:\/\/www.tiempodehacer.org\/wp-content\/uploads\/la-satisfacci\u00f3n-de-ayudar-a-los-dem\u00e1s-768x341.jpg 768w, https:\/\/www.tiempodehacer.org\/wp-content\/uploads\/la-satisfacci\u00f3n-de-ayudar-a-los-dem\u00e1s.jpg 1944w\" sizes=\"auto, (max-width: 525px) 100vw, 525px\" \/><\/p>\n<p>No dejes de contactarnos ante cualquier consulta, y <span style=\"color: #ff6600;\">seguinos en nuestras redes sociales, <strong><a style=\"color: #ff6600;\" href=\"http:\/\/facebook.com\/tdhconinmerlo\">Facebook<\/a> e <a style=\"color: #ff6600;\" href=\"http:\/\/instagram.com\/tdhconinmerlo\/\">Instagram<\/a>.<\/strong><\/span><\/p>\n","protected":false},"excerpt":{"rendered":"<p>\u00a1Hola! Desde que empez\u00f3 el a\u00f1o, Tiempo de Hacer se estuvo moviendo mucho para combatir la desnutrici\u00f3n infantil y mejorar la calidad de vida de las familias en el partido de Merlo. Gracias a su ayuda, se pudo mejorar un mont\u00f3n la atenci\u00f3n que brindamos durante estos cuatro meses. En el primer mes del a\u00f1o, &hellip; <\/p>\n","protected":false},"author":91,"featured_media":0,"comment_status":"open","ping_status":"open","sticky":false,"template":"","format":"standard","meta":{"footnotes":""},"categories":[1],"tags":[],"class_list":["post-2415","post","type-post","status-publish","format-standard","hentry","category-sin-categoria"],"_links":{"self":[{"href":"https:\/\/www.tiempodehacer.org\/index.php?rest_route=\/wp\/v2\/posts\/2415","targetHints":{"allow":["GET"]}}],"collection":[{"href":"https:\/\/www.tiempodehacer.org\/index.php?rest_route=\/wp\/v2\/posts"}],"about":[{"href":"https:\/\/www.tiempodehacer.org\/index.php?rest_route=\/wp\/v2\/types\/post"}],"author":[{"embeddable":true,"href":"https:\/\/www.tiempodehacer.org\/index.php?rest_route=\/wp\/v2\/users\/91"}],"replies":[{"embeddable":true,"href":"https:\/\/www.tiempodehacer.org\/index.php?rest_route=%2Fwp%2Fv2%2Fcomments&post=2415"}],"version-history":[{"count":5,"href":"https:\/\/www.tiempodehacer.org\/index.php?rest_route=\/wp\/v2\/posts\/2415\/revisions"}],"predecessor-version":[{"id":2437,"href":"https:\/\/www.tiempodehacer.org\/index.php?rest_route=\/wp\/v2\/posts\/2415\/revisions\/2437"}],"wp:attachment":[{"href":"https:\/\/www.tiempodehacer.org\/index.php?rest_route=%2Fwp%2Fv2%2Fmedia&parent=2415"}],"wp:term":[{"taxonomy":"category","embeddable":true,"href":"https:\/\/www.tiempodehacer.org\/index.php?rest_route=%2Fwp%2Fv2%2Fcategories&post=2415"},{"taxonomy":"post_tag","embeddable":true,"href":"https:\/\/www.tiempodehacer.org\/index.php?rest_route=%2Fwp%2Fv2%2Ftags&post=2415"}],"curies":[{"name":"wp","href":"https:\/\/api.w.org\/{rel}","templated":true}]}}