{"id":831,"date":"2018-02-02T11:56:59","date_gmt":"2018-02-02T17:56:59","guid":{"rendered":"http:\/\/www.tiempodehacer.org\/?p=831"},"modified":"2018-02-02T11:56:59","modified_gmt":"2018-02-02T17:56:59","slug":"ya-empezamos-2018","status":"publish","type":"post","link":"https:\/\/www.tiempodehacer.org\/?p=831","title":{"rendered":"Ya empezamos 2018"},"content":{"rendered":"<p>Qu\u00e9 manera de cerrar el 2017!!<\/p>\n<p>Gracias a la colaboraci\u00f3n y donaciones de muchos de ustedes, tuvimos un 2017 con muchas alegr\u00edas, esperanza, y varios sucesos que nos dejan cargada una ruta en el gps que seguir\u00e1 necesitando de todos ustedes (y m\u00e1s) para que podamos ampliar lo que estamos haciendo con Conin, ayudando a tantos chicos que necesitan cuidar su desarrollo temprano y evitar los problemas que trae la desnutrici\u00f3n.<\/p>\n<p>Diciembre termin\u00f3 con s\u00e1bados de fiesta y de trabajo (click en cada link de abajo para acceder a la p\u00e1gina):<br \/>\n<a href=\"http:\/\/www.tiempodehacer.org\/?p=741\">&#8211; S\u00e1bado 2 de diciembre (Fiesta de la Familia en Conin)<\/a><br \/>\n<a href=\"http:\/\/www.tiempodehacer.org\/?p=782\">&#8211; S\u00e1bado 9 de diciembre<\/a><br \/>\n<a href=\"http:\/\/www.tiempodehacer.org\/?p=829\">&#8211; S\u00e1bado 16 de diciembre<\/a><br \/>\n<a href=\"http:\/\/www.tiempodehacer.org\/?p=784\">&#8211; S\u00e1bado 23 de diciembre<\/a><br \/>\n<a href=\"http:\/\/www.tiempodehacer.org\/?p=818\">&#8211; S\u00e1bado 30 de diciembre (Fiesta de Cierre del 2017)<\/a><\/p>\n<p>Enero fue un mes de trabajo interno para Tiempo de Hacer, con planificaci\u00f3n de expansi\u00f3n, organizaci\u00f3n del centro, y m\u00e1s tr\u00e1mites administrativos para la formaci\u00f3n de la asociaci\u00f3n civil.<\/p>\n<p>Ya estamos listos para comenzar un 2018 a full.<\/p>\n<p>No podr\u00edamos hacerlo sin todos ustedes!! Sin la colaboraci\u00f3n de los colegios Esclavas y Esquiu, y sus comunidades.<\/p>\n<p>Gracias!<\/p>\n<p>&nbsp;<\/p>\n<p>&nbsp;<\/p>\n","protected":false},"excerpt":{"rendered":"<p>Qu\u00e9 manera de cerrar el 2017!! Gracias a la colaboraci\u00f3n y donaciones de muchos de ustedes, tuvimos un 2017 con muchas alegr\u00edas, esperanza, y varios sucesos que nos dejan cargada una ruta en el gps que seguir\u00e1 necesitando de todos ustedes (y m\u00e1s) para que podamos ampliar lo que estamos haciendo con Conin, ayudando a &hellip; <\/p>\n","protected":false},"author":1,"featured_media":0,"comment_status":"open","ping_status":"open","sticky":false,"template":"","format":"standard","meta":{"footnotes":""},"categories":[1],"tags":[],"class_list":["post-831","post","type-post","status-publish","format-standard","hentry","category-sin-categoria"],"_links":{"self":[{"href":"https:\/\/www.tiempodehacer.org\/index.php?rest_route=\/wp\/v2\/posts\/831","targetHints":{"allow":["GET"]}}],"collection":[{"href":"https:\/\/www.tiempodehacer.org\/index.php?rest_route=\/wp\/v2\/posts"}],"about":[{"href":"https:\/\/www.tiempodehacer.org\/index.php?rest_route=\/wp\/v2\/types\/post"}],"author":[{"embeddable":true,"href":"https:\/\/www.tiempodehacer.org\/index.php?rest_route=\/wp\/v2\/users\/1"}],"replies":[{"embeddable":true,"href":"https:\/\/www.tiempodehacer.org\/index.php?rest_route=%2Fwp%2Fv2%2Fcomments&post=831"}],"version-history":[{"count":1,"href":"https:\/\/www.tiempodehacer.org\/index.php?rest_route=\/wp\/v2\/posts\/831\/revisions"}],"predecessor-version":[{"id":832,"href":"https:\/\/www.tiempodehacer.org\/index.php?rest_route=\/wp\/v2\/posts\/831\/revisions\/832"}],"wp:attachment":[{"href":"https:\/\/www.tiempodehacer.org\/index.php?rest_route=%2Fwp%2Fv2%2Fmedia&parent=831"}],"wp:term":[{"taxonomy":"category","embeddable":true,"href":"https:\/\/www.tiempodehacer.org\/index.php?rest_route=%2Fwp%2Fv2%2Fcategories&post=831"},{"taxonomy":"post_tag","embeddable":true,"href":"https:\/\/www.tiempodehacer.org\/index.php?rest_route=%2Fwp%2Fv2%2Ftags&post=831"}],"curies":[{"name":"wp","href":"https:\/\/api.w.org\/{rel}","templated":true}]}}