{"id":878,"date":"2018-03-05T10:06:22","date_gmt":"2018-03-05T16:06:22","guid":{"rendered":"http:\/\/www.tiempodehacer.org\/?p=878"},"modified":"2018-03-05T10:06:22","modified_gmt":"2018-03-05T16:06:22","slug":"ya-paso-el-primer-mes-del-2018","status":"publish","type":"post","link":"https:\/\/www.tiempodehacer.org\/?p=878","title":{"rendered":"Ya pas\u00f3 el primer mes del 2018!!"},"content":{"rendered":"<p><strong>Volvimos en febrero<\/strong>, con mucho calor y con <strong>gran cantidad de familias<\/strong> que siguen trayendo a los chicos al programa!!<\/p>\n<p><strong>Conin Merlo los recibe<\/strong> con muchas ganas de verlos crecer, con nuestros cuidados y acompa\u00f1amiento a las madres, para que <strong>en los primeros a\u00f1os de vida de los chicos reciban lo necesario para su salud!<\/strong><\/p>\n<p><strong>En los cuatro s\u00e1bados de febrero, tuvimos mucha actividad!!<\/strong><br \/>\nA continuaci\u00f3n el link a la nota de cada s\u00e1bado, donde podr\u00e1n ver lo que se ha hecho:<\/p>\n<table style=\"width: 622px; height: 282px;\">\n<tbody>\n<tr>\n<td style=\"width: 331px;\"><a href=\"http:\/\/www.tiempodehacer.org\/?p=834\"><span style=\"font-size: 1rem;\">3 de febrero<br \/>\n<\/span><img loading=\"lazy\" decoding=\"async\" class=\"alignleft  wp-image-836\" src=\"http:\/\/www.tiempodehacer.org\/wp-content\/uploads\/IMG-20180207-WA0013-300x169.jpg\" alt=\"\" width=\"304\" height=\"171\" srcset=\"https:\/\/www.tiempodehacer.org\/wp-content\/uploads\/IMG-20180207-WA0013-300x169.jpg 300w, https:\/\/www.tiempodehacer.org\/wp-content\/uploads\/IMG-20180207-WA0013-768x432.jpg 768w, https:\/\/www.tiempodehacer.org\/wp-content\/uploads\/IMG-20180207-WA0013-1024x576.jpg 1024w, https:\/\/www.tiempodehacer.org\/wp-content\/uploads\/IMG-20180207-WA0013.jpg 1280w\" sizes=\"auto, (max-width: 304px) 100vw, 304px\" \/><\/a><\/td>\n<td style=\"width: 275px;\"><a href=\"http:\/\/www.tiempodehacer.org\/?p=848\"><span style=\"font-size: 1rem;\">10 de febrero<br \/>\n<img loading=\"lazy\" decoding=\"async\" class=\"alignleft size-medium wp-image-855\" src=\"http:\/\/www.tiempodehacer.org\/wp-content\/uploads\/WhatsApp-Image-2018-02-15-at-09.14.43-300x225.jpeg\" alt=\"\" width=\"300\" height=\"225\" srcset=\"https:\/\/www.tiempodehacer.org\/wp-content\/uploads\/WhatsApp-Image-2018-02-15-at-09.14.43-300x225.jpeg 300w, https:\/\/www.tiempodehacer.org\/wp-content\/uploads\/WhatsApp-Image-2018-02-15-at-09.14.43-768x576.jpeg 768w, https:\/\/www.tiempodehacer.org\/wp-content\/uploads\/WhatsApp-Image-2018-02-15-at-09.14.43-1024x768.jpeg 1024w, https:\/\/www.tiempodehacer.org\/wp-content\/uploads\/WhatsApp-Image-2018-02-15-at-09.14.43.jpeg 1280w\" sizes=\"auto, (max-width: 300px) 100vw, 300px\" \/><\/span><\/a><\/td>\n<\/tr>\n<tr>\n<td style=\"width: 331px;\"><a href=\"http:\/\/www.tiempodehacer.org\/?p=859\"><span style=\"font-size: 1rem;\">17 de febrero<br \/>\n<img loading=\"lazy\" decoding=\"async\" class=\"alignleft size-medium wp-image-861\" src=\"http:\/\/www.tiempodehacer.org\/wp-content\/uploads\/0_20180217_110541-300x169.jpg\" alt=\"\" width=\"300\" height=\"169\" srcset=\"https:\/\/www.tiempodehacer.org\/wp-content\/uploads\/0_20180217_110541-300x169.jpg 300w, https:\/\/www.tiempodehacer.org\/wp-content\/uploads\/0_20180217_110541-768x432.jpg 768w, https:\/\/www.tiempodehacer.org\/wp-content\/uploads\/0_20180217_110541-1024x575.jpg 1024w, https:\/\/www.tiempodehacer.org\/wp-content\/uploads\/0_20180217_110541.jpg 1920w\" sizes=\"auto, (max-width: 300px) 100vw, 300px\" \/><\/span><\/a><\/td>\n<td style=\"width: 275px;\"><a href=\"http:\/\/www.tiempodehacer.org\/?p=870\"><span style=\"font-size: 1rem;\">24 de febrero<br \/>\n<\/span><img loading=\"lazy\" decoding=\"async\" class=\"alignleft size-medium wp-image-876\" src=\"http:\/\/www.tiempodehacer.org\/wp-content\/uploads\/WhatsApp-Image-2018-02-27-at-16.59.36-300x168.jpeg\" alt=\"\" width=\"300\" height=\"168\" srcset=\"https:\/\/www.tiempodehacer.org\/wp-content\/uploads\/WhatsApp-Image-2018-02-27-at-16.59.36-300x168.jpeg 300w, https:\/\/www.tiempodehacer.org\/wp-content\/uploads\/WhatsApp-Image-2018-02-27-at-16.59.36-768x431.jpeg 768w, https:\/\/www.tiempodehacer.org\/wp-content\/uploads\/WhatsApp-Image-2018-02-27-at-16.59.36-1024x575.jpeg 1024w, https:\/\/www.tiempodehacer.org\/wp-content\/uploads\/WhatsApp-Image-2018-02-27-at-16.59.36.jpeg 1040w\" sizes=\"auto, (max-width: 300px) 100vw, 300px\" \/><\/a><\/p>\n<p>&nbsp;<\/p>\n<p>&nbsp;<\/td>\n<\/tr>\n<\/tbody>\n<\/table>\n<p>Estamos empezando un <strong>marzo con m\u00e1s familias<\/strong> que suman a sus hijos al programa por lo que las necesidades son mayores!!<\/p>\n<p><strong>Agradecemos<\/strong> infinitamente a los <strong>talleristas<\/strong> que junto a los <strong>voluntarios<\/strong> donan su tiempo y sabidur\u00eda para ayudarnos a acompa\u00f1ar el trabajo de los <strong>profesionales<\/strong> que cuidan a los chicos (nutricionista, pediatra, psicopedagoga, asistente social, y maestras jardineras), obviamente con la <strong>Coordinadora<\/strong> general de nuestro centro.<\/p>\n<p><strong>Seguimos esperando la colaboraci\u00f3n de todos los que nos acompa\u00f1an!!<\/strong><br \/>\nEspecialmente a la comunidad de los colegios Esquiu y Esclavas.<\/p>\n<p><strong>Gracias!!<\/strong><\/p>\n","protected":false},"excerpt":{"rendered":"<p>Volvimos en febrero, con mucho calor y con gran cantidad de familias que siguen trayendo a los chicos al programa!! Conin Merlo los recibe con muchas ganas de verlos crecer, con nuestros cuidados y acompa\u00f1amiento a las madres, para que en los primeros a\u00f1os de vida de los chicos reciban lo necesario para su salud! &hellip; <\/p>\n","protected":false},"author":1,"featured_media":0,"comment_status":"open","ping_status":"open","sticky":false,"template":"","format":"standard","meta":{"footnotes":""},"categories":[1],"tags":[],"class_list":["post-878","post","type-post","status-publish","format-standard","hentry","category-sin-categoria"],"_links":{"self":[{"href":"https:\/\/www.tiempodehacer.org\/index.php?rest_route=\/wp\/v2\/posts\/878","targetHints":{"allow":["GET"]}}],"collection":[{"href":"https:\/\/www.tiempodehacer.org\/index.php?rest_route=\/wp\/v2\/posts"}],"about":[{"href":"https:\/\/www.tiempodehacer.org\/index.php?rest_route=\/wp\/v2\/types\/post"}],"author":[{"embeddable":true,"href":"https:\/\/www.tiempodehacer.org\/index.php?rest_route=\/wp\/v2\/users\/1"}],"replies":[{"embeddable":true,"href":"https:\/\/www.tiempodehacer.org\/index.php?rest_route=%2Fwp%2Fv2%2Fcomments&post=878"}],"version-history":[{"count":1,"href":"https:\/\/www.tiempodehacer.org\/index.php?rest_route=\/wp\/v2\/posts\/878\/revisions"}],"predecessor-version":[{"id":879,"href":"https:\/\/www.tiempodehacer.org\/index.php?rest_route=\/wp\/v2\/posts\/878\/revisions\/879"}],"wp:attachment":[{"href":"https:\/\/www.tiempodehacer.org\/index.php?rest_route=%2Fwp%2Fv2%2Fmedia&parent=878"}],"wp:term":[{"taxonomy":"category","embeddable":true,"href":"https:\/\/www.tiempodehacer.org\/index.php?rest_route=%2Fwp%2Fv2%2Fcategories&post=878"},{"taxonomy":"post_tag","embeddable":true,"href":"https:\/\/www.tiempodehacer.org\/index.php?rest_route=%2Fwp%2Fv2%2Ftags&post=878"}],"curies":[{"name":"wp","href":"https:\/\/api.w.org\/{rel}","templated":true}]}}