{"id":903,"date":"2018-04-06T10:04:47","date_gmt":"2018-04-06T16:04:47","guid":{"rendered":"http:\/\/www.tiempodehacer.org\/?p=903"},"modified":"2018-04-06T10:04:47","modified_gmt":"2018-04-06T16:04:47","slug":"sabado-17-de-marzo","status":"publish","type":"post","link":"https:\/\/www.tiempodehacer.org\/?p=903","title":{"rendered":"S\u00e1bado 17 de marzo"},"content":{"rendered":"<p>Este \u00faltimo s\u00e1bado 17 tuvimos la <strong>suerte de contar nuevamente con Deborah<\/strong> que ayud\u00f3 con la atenci\u00f3n general a los ni\u00f1os&#8230; <strong>Gracias!!<\/strong><\/p>\n<p><strong>El Tucu<\/strong>, tambi\u00e9n como voluntario, se ocup\u00f3 del <strong>armado de los bolsones y de algunos otros temas generales del Centro.<\/strong><\/p>\n<p><strong>Melany<\/strong> dio la<strong> charla de Salud &#8220;R\u00f3tulos Nutricionales&#8221;<\/strong>, muy bien recibida por las madres, y <strong>vino el Chef Juan<\/strong>, como lo hace todos los 3\u00ba s\u00e1bados e hizo <strong>platos varios con polenta, RIQU\u00cdSIMOS!!!<\/strong><\/p>\n<p>Tuvimos <strong>1 ingreso nuevo<\/strong> de una madre embarazada con 2 ni\u00f1os mayores.<\/p>\n<p>Se entregaron <strong>18 bolsones<\/strong> y en total atendimos a <strong>27 ni\u00f1os Conin y 5 hermanos mayores<\/strong>.<\/p>\n<p>Esta vez tenemos pocas fotos para compartir las actividades realizadas:<\/p>\n<div id='gallery-1' class='gallery galleryid-903 gallery-columns-2 gallery-size-medium'><figure class='gallery-item'>\n\t\t\t<div class='gallery-icon landscape'>\n\t\t\t\t<a href='https:\/\/www.tiempodehacer.org\/?attachment_id=906'><img loading=\"lazy\" decoding=\"async\" width=\"300\" height=\"168\" src=\"https:\/\/www.tiempodehacer.org\/wp-content\/uploads\/WhatsApp-Image-2018-03-23-at-10.42.33-300x168.jpeg\" class=\"attachment-medium size-medium\" alt=\"\" srcset=\"https:\/\/www.tiempodehacer.org\/wp-content\/uploads\/WhatsApp-Image-2018-03-23-at-10.42.33-300x168.jpeg 300w, https:\/\/www.tiempodehacer.org\/wp-content\/uploads\/WhatsApp-Image-2018-03-23-at-10.42.33-768x431.jpeg 768w, https:\/\/www.tiempodehacer.org\/wp-content\/uploads\/WhatsApp-Image-2018-03-23-at-10.42.33-1024x575.jpeg 1024w, https:\/\/www.tiempodehacer.org\/wp-content\/uploads\/WhatsApp-Image-2018-03-23-at-10.42.33.jpeg 1040w\" sizes=\"auto, (max-width: 300px) 100vw, 300px\" \/><\/a>\n\t\t\t<\/div><\/figure><figure class='gallery-item'>\n\t\t\t<div class='gallery-icon landscape'>\n\t\t\t\t<a href='https:\/\/www.tiempodehacer.org\/?attachment_id=907'><img loading=\"lazy\" decoding=\"async\" width=\"300\" height=\"168\" src=\"https:\/\/www.tiempodehacer.org\/wp-content\/uploads\/WhatsApp-Image-2018-03-23-at-10.42.36-300x168.jpeg\" class=\"attachment-medium size-medium\" alt=\"\" srcset=\"https:\/\/www.tiempodehacer.org\/wp-content\/uploads\/WhatsApp-Image-2018-03-23-at-10.42.36-300x168.jpeg 300w, https:\/\/www.tiempodehacer.org\/wp-content\/uploads\/WhatsApp-Image-2018-03-23-at-10.42.36-768x431.jpeg 768w, https:\/\/www.tiempodehacer.org\/wp-content\/uploads\/WhatsApp-Image-2018-03-23-at-10.42.36-1024x575.jpeg 1024w, https:\/\/www.tiempodehacer.org\/wp-content\/uploads\/WhatsApp-Image-2018-03-23-at-10.42.36.jpeg 1040w\" sizes=\"auto, (max-width: 300px) 100vw, 300px\" \/><\/a>\n\t\t\t<\/div><\/figure><figure class='gallery-item'>\n\t\t\t<div class='gallery-icon landscape'>\n\t\t\t\t<a href='https:\/\/www.tiempodehacer.org\/?attachment_id=908'><img loading=\"lazy\" decoding=\"async\" width=\"300\" height=\"168\" src=\"https:\/\/www.tiempodehacer.org\/wp-content\/uploads\/WhatsApp-Image-2018-03-23-at-10.42.38-300x168.jpeg\" class=\"attachment-medium size-medium\" alt=\"\" srcset=\"https:\/\/www.tiempodehacer.org\/wp-content\/uploads\/WhatsApp-Image-2018-03-23-at-10.42.38-300x168.jpeg 300w, https:\/\/www.tiempodehacer.org\/wp-content\/uploads\/WhatsApp-Image-2018-03-23-at-10.42.38-768x431.jpeg 768w, https:\/\/www.tiempodehacer.org\/wp-content\/uploads\/WhatsApp-Image-2018-03-23-at-10.42.38-1024x575.jpeg 1024w, https:\/\/www.tiempodehacer.org\/wp-content\/uploads\/WhatsApp-Image-2018-03-23-at-10.42.38.jpeg 1040w\" sizes=\"auto, (max-width: 300px) 100vw, 300px\" \/><\/a>\n\t\t\t<\/div><\/figure><figure class='gallery-item'>\n\t\t\t<div class='gallery-icon landscape'>\n\t\t\t\t<a href='https:\/\/www.tiempodehacer.org\/?attachment_id=909'><img loading=\"lazy\" decoding=\"async\" width=\"300\" height=\"168\" src=\"https:\/\/www.tiempodehacer.org\/wp-content\/uploads\/WhatsApp-Image-2018-03-23-at-10.42.39-300x168.jpeg\" class=\"attachment-medium size-medium\" alt=\"\" srcset=\"https:\/\/www.tiempodehacer.org\/wp-content\/uploads\/WhatsApp-Image-2018-03-23-at-10.42.39-300x168.jpeg 300w, https:\/\/www.tiempodehacer.org\/wp-content\/uploads\/WhatsApp-Image-2018-03-23-at-10.42.39-768x431.jpeg 768w, https:\/\/www.tiempodehacer.org\/wp-content\/uploads\/WhatsApp-Image-2018-03-23-at-10.42.39-1024x575.jpeg 1024w, https:\/\/www.tiempodehacer.org\/wp-content\/uploads\/WhatsApp-Image-2018-03-23-at-10.42.39.jpeg 1040w\" sizes=\"auto, (max-width: 300px) 100vw, 300px\" \/><\/a>\n\t\t\t<\/div><\/figure>\n\t\t<\/div>\n\n","protected":false},"excerpt":{"rendered":"<p>Este \u00faltimo s\u00e1bado 17 tuvimos la suerte de contar nuevamente con Deborah que ayud\u00f3 con la atenci\u00f3n general a los ni\u00f1os&#8230; Gracias!! El Tucu, tambi\u00e9n como voluntario, se ocup\u00f3 del armado de los bolsones y de algunos otros temas generales del Centro. Melany dio la charla de Salud &#8220;R\u00f3tulos Nutricionales&#8221;, muy bien recibida por las &hellip; <\/p>\n","protected":false},"author":1,"featured_media":0,"comment_status":"open","ping_status":"open","sticky":false,"template":"","format":"standard","meta":{"footnotes":""},"categories":[1],"tags":[],"class_list":["post-903","post","type-post","status-publish","format-standard","hentry","category-sin-categoria"],"_links":{"self":[{"href":"https:\/\/www.tiempodehacer.org\/index.php?rest_route=\/wp\/v2\/posts\/903","targetHints":{"allow":["GET"]}}],"collection":[{"href":"https:\/\/www.tiempodehacer.org\/index.php?rest_route=\/wp\/v2\/posts"}],"about":[{"href":"https:\/\/www.tiempodehacer.org\/index.php?rest_route=\/wp\/v2\/types\/post"}],"author":[{"embeddable":true,"href":"https:\/\/www.tiempodehacer.org\/index.php?rest_route=\/wp\/v2\/users\/1"}],"replies":[{"embeddable":true,"href":"https:\/\/www.tiempodehacer.org\/index.php?rest_route=%2Fwp%2Fv2%2Fcomments&post=903"}],"version-history":[{"count":1,"href":"https:\/\/www.tiempodehacer.org\/index.php?rest_route=\/wp\/v2\/posts\/903\/revisions"}],"predecessor-version":[{"id":910,"href":"https:\/\/www.tiempodehacer.org\/index.php?rest_route=\/wp\/v2\/posts\/903\/revisions\/910"}],"wp:attachment":[{"href":"https:\/\/www.tiempodehacer.org\/index.php?rest_route=%2Fwp%2Fv2%2Fmedia&parent=903"}],"wp:term":[{"taxonomy":"category","embeddable":true,"href":"https:\/\/www.tiempodehacer.org\/index.php?rest_route=%2Fwp%2Fv2%2Fcategories&post=903"},{"taxonomy":"post_tag","embeddable":true,"href":"https:\/\/www.tiempodehacer.org\/index.php?rest_route=%2Fwp%2Fv2%2Ftags&post=903"}],"curies":[{"name":"wp","href":"https:\/\/api.w.org\/{rel}","templated":true}]}}